{"id":139124,"date":"2019-12-03T07:18:53","date_gmt":"2019-12-03T10:18:53","guid":{"rendered":"http:\/\/www.caririemacao.com\/1\/?p=139124"},"modified":"2019-12-03T07:18:53","modified_gmt":"2019-12-03T10:18:53","slug":"ong-resgata-tartaruga-marinha-viva-em-praia-do-litoral-paraibano","status":"publish","type":"post","link":"https:\/\/www.caririemacao.com\/1\/2019\/12\/03\/ong-resgata-tartaruga-marinha-viva-em-praia-do-litoral-paraibano\/","title":{"rendered":"ONG resgata tartaruga marinha viva em praia do litoral paraibano"},"content":{"rendered":"\n<p>A ONG Guajiru&nbsp;resgatou na noite desta segunda-feira (2), uma tartaruga marinha viva na praia da cidade de Ba\u00eda da Trai\u00e7\u00e3o, litoral norte da Para\u00edba. A tartaruga foi encontrada por moradores que acionaram a ONG.<\/p>\n\n\n\n<figure class=\"wp-block-image\"><img decoding=\"async\" data-src=\"https:\/\/www.clickpb.com.br\/media\/filer_public\/5e\/fd\/5efd1c30-cfdd-4f9b-a161-6717f1cd18f6\/20191203_060030.jpg\" alt=\"\" src=\"data:image\/svg+xml;base64,PHN2ZyB3aWR0aD0iMSIgaGVpZ2h0PSIxIiB4bWxucz0iaHR0cDovL3d3dy53My5vcmcvMjAwMC9zdmciPjwvc3ZnPg==\" class=\"lazyload\" \/><\/figure>\n\n\n\n<p>O animal foi levado para ser examinado e depois ser devolvido para o mar.&nbsp;<\/p>\n\n\n\n<figure class=\"wp-block-image\"><img decoding=\"async\" data-src=\"https:\/\/www.clickpb.com.br\/media\/filer_public\/05\/64\/0564e98e-01a8-4a81-bd72-207aafed4b05\/20191203_060049.jpg\" alt=\"\" src=\"data:image\/svg+xml;base64,PHN2ZyB3aWR0aD0iMSIgaGVpZ2h0PSIxIiB4bWxucz0iaHR0cDovL3d3dy53My5vcmcvMjAwMC9zdmciPjwvc3ZnPg==\" class=\"lazyload\" \/><\/figure>\n\n\n\n<p>A ONG Guajiru foi criada em 2002 e tem por objetivo proteger os ninhos das tartarugas nas praias paraibanas. Os ninhos s\u00e3o cercados e protegidos para que n\u00e3o sofram interfer\u00eancia de humanos ou animais.&nbsp;<\/p>\n\n\n\n<p>A ONG realiza atividades de conscientiza\u00e7\u00e3o como tamb\u00e9m mutir\u00f5es de limpeza nas praias.&nbsp;<\/p>\n","protected":false},"excerpt":{"rendered":"<p>A ONG Guajiru&nbsp;resgatou na noite desta segunda-feira (2), uma tartaruga marinha viva na praia da cidade de Ba\u00eda da Trai\u00e7\u00e3o, litoral norte da Para\u00edba. A&hellip; <\/p>\n","protected":false},"author":1,"featured_media":139126,"comment_status":"closed","ping_status":"closed","sticky":false,"template":"","format":"standard","meta":{"sfsi_plus_gutenberg_text_before_share":"","sfsi_plus_gutenberg_show_text_before_share":"","sfsi_plus_gutenberg_icon_type":"","sfsi_plus_gutenberg_icon_alignemt":"","sfsi_plus_gutenburg_max_per_row":"","footnotes":""},"categories":[2],"tags":[],"class_list":["post-139124","post","type-post","status-publish","format-standard","has-post-thumbnail","hentry","category-geral"],"_links":{"self":[{"href":"https:\/\/www.caririemacao.com\/1\/wp-json\/wp\/v2\/posts\/139124","targetHints":{"allow":["GET"]}}],"collection":[{"href":"https:\/\/www.caririemacao.com\/1\/wp-json\/wp\/v2\/posts"}],"about":[{"href":"https:\/\/www.caririemacao.com\/1\/wp-json\/wp\/v2\/types\/post"}],"author":[{"embeddable":true,"href":"https:\/\/www.caririemacao.com\/1\/wp-json\/wp\/v2\/users\/1"}],"replies":[{"embeddable":true,"href":"https:\/\/www.caririemacao.com\/1\/wp-json\/wp\/v2\/comments?post=139124"}],"version-history":[{"count":1,"href":"https:\/\/www.caririemacao.com\/1\/wp-json\/wp\/v2\/posts\/139124\/revisions"}],"predecessor-version":[{"id":139127,"href":"https:\/\/www.caririemacao.com\/1\/wp-json\/wp\/v2\/posts\/139124\/revisions\/139127"}],"wp:featuredmedia":[{"embeddable":true,"href":"https:\/\/www.caririemacao.com\/1\/wp-json\/wp\/v2\/media\/139126"}],"wp:attachment":[{"href":"https:\/\/www.caririemacao.com\/1\/wp-json\/wp\/v2\/media?parent=139124"}],"wp:term":[{"taxonomy":"category","embeddable":true,"href":"https:\/\/www.caririemacao.com\/1\/wp-json\/wp\/v2\/categories?post=139124"},{"taxonomy":"post_tag","embeddable":true,"href":"https:\/\/www.caririemacao.com\/1\/wp-json\/wp\/v2\/tags?post=139124"}],"curies":[{"name":"wp","href":"https:\/\/api.w.org\/{rel}","templated":true}]}}