{"id":139130,"date":"2019-12-03T07:21:05","date_gmt":"2019-12-03T10:21:05","guid":{"rendered":"http:\/\/www.caririemacao.com\/1\/?p=139130"},"modified":"2019-12-03T07:21:05","modified_gmt":"2019-12-03T10:21:05","slug":"anvisa-vota-hoje-regulacao-da-maconha-medicinal","status":"publish","type":"post","link":"https:\/\/www.caririemacao.com\/1\/2019\/12\/03\/anvisa-vota-hoje-regulacao-da-maconha-medicinal\/","title":{"rendered":"Anvisa vota hoje regula\u00e7\u00e3o da maconha medicinal"},"content":{"rendered":"\n<p>A Ag\u00eancia Nacional de Vigil\u00e2ncia Sanit\u00e1ria (Anvisa) deve votar nesta ter\u00e7a-feira a regulamenta\u00e7\u00e3o do uso medicinal de produtos \u00e0 base de cannabis. A medida n\u00e3o tem apoio do governo Bolsonaro.<\/p>\n\n\n\n<p>Na semana passada, o ministro da Cidadania, Osmar Terra, chegou a publicar em sua rede social um protesto contra o presidente da ag\u00eancia, William Dib .<\/p>\n\n\n\n<p>Terra escreveu que Dib estava acelerando a tramita\u00e7\u00e3o do tema porque est\u00e1 no fim de seu mandato na Anvisa.<\/p>\n\n\n\n<p>&#8220;Ele tenta apressar em sintonia com o lobby de grandes empresas brasileiras e canadenses que cobram essa libera\u00e7\u00e3o. \u00c9 o lobby da maconha funcionando a todo vapor!&#8221;, escreveu Terra.<\/p>\n\n\n\n<p>Na semana passada, William Dib tentou colocar em pauta a vota\u00e7\u00e3o do tema ap\u00f3s os dois conselheiros que tinham pedido vista da quest\u00e3o , Ant\u00f4nio Barra Torres (indicado por Bolsonaro) e Fernando Mendes, afirmarem que j\u00e1 estavam com o voto pronto.<\/p>\n\n\n\n<p>Dib, que \u00e9 relator das medidas que prop\u00f5em regulamenta\u00e7\u00e3o da produ\u00e7\u00e3o de produtos \u00e0 base de maconha, como o canabidiol, e do plantio controlado de maconha, prop\u00f4s uma invers\u00e3o de pauta para que os votos fossem lidos h\u00e1 uma semana.<\/p>\n\n\n\n<p>O diretor Antonio Barra argumentou, no entanto, que a vota\u00e7\u00e3o deveria ficar para hoje para dar &#8220;traspar\u00eancia&#8221; ao tema e proteger a diretoria colegiada de cr\u00edticas.<\/p>\n\n\n\n<p>\u2014 Devemos primar pelo rito para que n\u00e3o haja nenhum arranh\u00e3o \u2014 defendeu Barra.<\/p>\n\n\n\n<p>O diretor Fernando Mendes, que tamb\u00e9m tinha pedido vista, afirmou que seu voto estava pronto, mas tamb\u00e9m votou pela leitura apenas esta semana. O colegiado acabou decidindo deixar a discuss\u00e3o para esta ter\u00e7a-feira.<\/p>\n\n\n\n<p>Diretor favor\u00e1vel \u00e0 regula\u00e7\u00e3o deixa a ag\u00eancia<\/p>\n\n\n\n<p>\u00c0s v\u00e9speras da reuni\u00e3o de hoje, um dos diretores da Anvisa, cujo voto esperava-se que fosse favor\u00e1vel \u00e0 regulamenta\u00e7\u00e3o, deixou a ag\u00eancia.<\/p>\n\n\n\n<p>Renato Porto, que estava na ag\u00eancia desde 2005, anunciou na \u00faltima sexta-feira sua ren\u00fancia ao cargo. Seu mandato terminaria neste m\u00eas, assim como o de Dib.<\/p>\n\n\n\n<p>Porto escreveu uma carta de despedida aos servidores da Anvisa, mas n\u00e3o detalhou suas motiva\u00e7\u00f5es. Em entrevista ao G1 disse, no entanto, que sai por compromissos pessoais e que seria \u201cpura especula\u00e7\u00e3o\u201d estabelecer uma rela\u00e7\u00e3o entre sua ren\u00fancia e a poss\u00edvel vota\u00e7\u00e3o de hoje.<\/p>\n\n\n\n<p>A partir de janeiro de 2020, o presidente Jair Bolsonaro poder\u00e1 ter maioria na diretoria da ag\u00eancia , que \u00e9 composta de cinco integrantes. E j\u00e1 sinalizou que n\u00e3o deve indicar nomes entusiastas do cultivo da cannabis ou da venda de rem\u00e9dios derivados dela.<br><\/p>\n","protected":false},"excerpt":{"rendered":"<p>A Ag\u00eancia Nacional de Vigil\u00e2ncia Sanit\u00e1ria (Anvisa) deve votar nesta ter\u00e7a-feira a regulamenta\u00e7\u00e3o do uso medicinal de produtos \u00e0 base de cannabis. A medida n\u00e3o&hellip; <\/p>\n","protected":false},"author":1,"featured_media":98310,"comment_status":"closed","ping_status":"closed","sticky":false,"template":"","format":"standard","meta":{"sfsi_plus_gutenberg_text_before_share":"","sfsi_plus_gutenberg_show_text_before_share":"","sfsi_plus_gutenberg_icon_type":"","sfsi_plus_gutenberg_icon_alignemt":"","sfsi_plus_gutenburg_max_per_row":"","footnotes":""},"categories":[2],"tags":[],"class_list":["post-139130","post","type-post","status-publish","format-standard","has-post-thumbnail","hentry","category-geral"],"_links":{"self":[{"href":"https:\/\/www.caririemacao.com\/1\/wp-json\/wp\/v2\/posts\/139130","targetHints":{"allow":["GET"]}}],"collection":[{"href":"https:\/\/www.caririemacao.com\/1\/wp-json\/wp\/v2\/posts"}],"about":[{"href":"https:\/\/www.caririemacao.com\/1\/wp-json\/wp\/v2\/types\/post"}],"author":[{"embeddable":true,"href":"https:\/\/www.caririemacao.com\/1\/wp-json\/wp\/v2\/users\/1"}],"replies":[{"embeddable":true,"href":"https:\/\/www.caririemacao.com\/1\/wp-json\/wp\/v2\/comments?post=139130"}],"version-history":[{"count":1,"href":"https:\/\/www.caririemacao.com\/1\/wp-json\/wp\/v2\/posts\/139130\/revisions"}],"predecessor-version":[{"id":139132,"href":"https:\/\/www.caririemacao.com\/1\/wp-json\/wp\/v2\/posts\/139130\/revisions\/139132"}],"wp:featuredmedia":[{"embeddable":true,"href":"https:\/\/www.caririemacao.com\/1\/wp-json\/wp\/v2\/media\/98310"}],"wp:attachment":[{"href":"https:\/\/www.caririemacao.com\/1\/wp-json\/wp\/v2\/media?parent=139130"}],"wp:term":[{"taxonomy":"category","embeddable":true,"href":"https:\/\/www.caririemacao.com\/1\/wp-json\/wp\/v2\/categories?post=139130"},{"taxonomy":"post_tag","embeddable":true,"href":"https:\/\/www.caririemacao.com\/1\/wp-json\/wp\/v2\/tags?post=139130"}],"curies":[{"name":"wp","href":"https:\/\/api.w.org\/{rel}","templated":true}]}}