{"id":139155,"date":"2019-12-03T07:33:31","date_gmt":"2019-12-03T10:33:31","guid":{"rendered":"http:\/\/www.caririemacao.com\/1\/?p=139155"},"modified":"2019-12-03T07:33:31","modified_gmt":"2019-12-03T10:33:31","slug":"lideres-mundiais-querem-ampliar-luta-contra-aquecimento-global","status":"publish","type":"post","link":"https:\/\/www.caririemacao.com\/1\/2019\/12\/03\/lideres-mundiais-querem-ampliar-luta-contra-aquecimento-global\/","title":{"rendered":"L\u00edderes mundiais querem ampliar luta contra aquecimento global"},"content":{"rendered":"\n<p>L\u00edderes mundiais prometeram ampliar a luta contra o aquecimento global no primeiro dia da COP25, a confer\u00eancia das Na\u00e7\u00f5es Unidas sobre mudan\u00e7as clim\u00e1ticas, que est\u00e1 sendo realizada em Madri, na Espanha.<\/p>\n\n\n\n<p>Ela re\u00fane l\u00edderes de mais de 30 pa\u00edses. Os participantes se comprometeram a agir nos termos do Acordo de Paris, que dever\u00e1 ser implementado no ano que vem.<\/p>\n\n\n\n<p>No entanto, os l\u00edderes dos maiores emissores dos gases causadores do efeito estufa, incluindo os Estados Unidos, a China, a \u00cdndia e o Jap\u00e3o, n\u00e3o participam do encontro.<\/p>\n\n\n\n<p>Os EUA, o segundo maior emissor desses gases no mundo, anunciou oficialmente a sua retirada do Acordo de Paris em novembro.<\/p>\n\n\n\n<p>Na sess\u00e3o de abertura da confer\u00eancia, Ant\u00f3nio Guterres, secret\u00e1rio-geral da Organiza\u00e7\u00e3o das Na\u00e7\u00f5es Unidas (ONU), refor\u00e7ou que a \u00fanica forma de conter o aumento das temperaturas globais abaixo de 1,5 grau Celsius acima dos n\u00edveis pr\u00e9-industriais \u00e9 visar a neutraliza\u00e7\u00e3o das emiss\u00f5es de carbono at\u00e9 2050.<\/p>\n\n\n\n<p>Guterres pediu que as pessoas &#8220;entrem no caminho correto hoje, n\u00e3o amanh\u00e3&#8221; e disse que a confer\u00eancia vai oferecer a oportunidade para que isso seja feito.<\/p>\n","protected":false},"excerpt":{"rendered":"<p>L\u00edderes mundiais prometeram ampliar a luta contra o aquecimento global no primeiro dia da COP25, a confer\u00eancia das Na\u00e7\u00f5es Unidas sobre mudan\u00e7as clim\u00e1ticas, que est\u00e1&hellip; <\/p>\n","protected":false},"author":1,"featured_media":139156,"comment_status":"closed","ping_status":"closed","sticky":false,"template":"","format":"standard","meta":{"sfsi_plus_gutenberg_text_before_share":"","sfsi_plus_gutenberg_show_text_before_share":"","sfsi_plus_gutenberg_icon_type":"","sfsi_plus_gutenberg_icon_alignemt":"","sfsi_plus_gutenburg_max_per_row":"","footnotes":""},"categories":[2],"tags":[],"class_list":["post-139155","post","type-post","status-publish","format-standard","has-post-thumbnail","hentry","category-geral"],"_links":{"self":[{"href":"https:\/\/www.caririemacao.com\/1\/wp-json\/wp\/v2\/posts\/139155","targetHints":{"allow":["GET"]}}],"collection":[{"href":"https:\/\/www.caririemacao.com\/1\/wp-json\/wp\/v2\/posts"}],"about":[{"href":"https:\/\/www.caririemacao.com\/1\/wp-json\/wp\/v2\/types\/post"}],"author":[{"embeddable":true,"href":"https:\/\/www.caririemacao.com\/1\/wp-json\/wp\/v2\/users\/1"}],"replies":[{"embeddable":true,"href":"https:\/\/www.caririemacao.com\/1\/wp-json\/wp\/v2\/comments?post=139155"}],"version-history":[{"count":1,"href":"https:\/\/www.caririemacao.com\/1\/wp-json\/wp\/v2\/posts\/139155\/revisions"}],"predecessor-version":[{"id":139157,"href":"https:\/\/www.caririemacao.com\/1\/wp-json\/wp\/v2\/posts\/139155\/revisions\/139157"}],"wp:featuredmedia":[{"embeddable":true,"href":"https:\/\/www.caririemacao.com\/1\/wp-json\/wp\/v2\/media\/139156"}],"wp:attachment":[{"href":"https:\/\/www.caririemacao.com\/1\/wp-json\/wp\/v2\/media?parent=139155"}],"wp:term":[{"taxonomy":"category","embeddable":true,"href":"https:\/\/www.caririemacao.com\/1\/wp-json\/wp\/v2\/categories?post=139155"},{"taxonomy":"post_tag","embeddable":true,"href":"https:\/\/www.caririemacao.com\/1\/wp-json\/wp\/v2\/tags?post=139155"}],"curies":[{"name":"wp","href":"https:\/\/api.w.org\/{rel}","templated":true}]}}