{"id":139165,"date":"2019-12-03T07:39:35","date_gmt":"2019-12-03T10:39:35","guid":{"rendered":"http:\/\/www.caririemacao.com\/1\/?p=139165"},"modified":"2019-12-03T07:39:45","modified_gmt":"2019-12-03T10:39:45","slug":"governo-anuncia-novo-programa-habitacional-neste-mes-diz-ministro","status":"publish","type":"post","link":"https:\/\/www.caririemacao.com\/1\/2019\/12\/03\/governo-anuncia-novo-programa-habitacional-neste-mes-diz-ministro\/","title":{"rendered":"Governo anuncia novo programa habitacional neste m\u00eas, diz ministro"},"content":{"rendered":"\n<p>O governo federal anuncia neste m\u00eas a reformula\u00e7\u00e3o do programa habitacional Minha Casa Minha Vida, que passa a ter como prioridade munic\u00edpios com at\u00e9 50 mil habitantes. Uma das principais novidades \u00e9 que o benefici\u00e1rio ter\u00e1 mais liberdade para definir como ser\u00e1 o im\u00f3vel. O assunto est\u00e1 entre os que o ministro do Desenvolvimento Regional, Gustavo Canuto, abordar\u00e1 no programa&nbsp;<em>Brasil em Pauta<\/em>, da&nbsp;<strong>TV Brasil<\/strong>, que vai ao ar nesta ter\u00e7a-feira (2), \u00e0s 22h.<\/p>\n\n\n\n<p>No atual formato, o benefici\u00e1rio recebe a casa pronta da construtora. Com o novo programa, que ainda n\u00e3o teve o nome definido, o benefici\u00e1rio receber\u00e1 um&nbsp;<em>voucher<\/em>&nbsp;(documento fornecido para comprovar um pagamento ou comprovante que d\u00e1 direito a um produto) para definir como a obra ser\u00e1 tocada, o que inclui a escolha do engenheiro e a pr\u00f3pria arquitetura do im\u00f3vel.<\/p>\n\n\n\n<p>Segundo Canuto, a disponibiliza\u00e7\u00e3o de um&nbsp;<em>voucher<\/em>&nbsp;permitira \u00e0quele que vai receber a unidade habitacional participar da constru\u00e7\u00e3o, escolher onde a casa ser\u00e1 feita e at\u00e9 mesmo o projeto da casa.\u201cMuitas vezes a fam\u00edlia precisa ou quer uma casa mais simples e maior. Outra, com c\u00f4modos menores e mais qualidade de acabamento. A gente quer deixar isso a crit\u00e9rio do benefici\u00e1rio\u201d, afirmou<\/p>\n\n\n\n<p>O ministro disse que o valor do&nbsp;<em>voucher<\/em>&nbsp;depender\u00e1 dos pre\u00e7os correntes no mercado imobili\u00e1rio no local onde o im\u00f3vel ser\u00e1 constru\u00eddo. O programa trabalha com valor m\u00e9dio de R$ 60 mil por benefici\u00e1rio, em tr\u00eas tipos de&nbsp;<em>voucher<\/em>: o de aquisi\u00e7\u00e3o, para comprar o im\u00f3vel j\u00e1 pronto; o de constru\u00e7\u00e3o, para come\u00e7ar a casa do zero; e o de reforma, para melhorar ou ampliar a casa j\u00e1 existente.<\/p>\n\n\n\n<p>A princ\u00edpio, o governo pretende oferecer&nbsp;<em>vouchers<\/em>&nbsp;a fam\u00edlias com renda mensal de at\u00e9 R$ 1,2 mil. J\u00e1 as fam\u00edlias com renda entre R$ 1,2 mil e R$ 5 mil mensais entrar\u00e3o no programa de financiamento do programa.<\/p>\n\n\n\n<p>Segundo Canuto, a ideia \u00e9 oferecer juros abaixo dos cobrados atualmente. \u201cHoje a faixa \u00e9 de 5% [ao ano]. A gente quer baixar isso para 4,5% ou 4% para ficar mais competitivo. Essa \u00e9 a premissa base\u201d, ressaltou.<\/p>\n\n\n\n<p>A expectativa do governo \u00e9 que o novo programa resulte na constru\u00e7\u00e3o de 400 mil unidades j\u00e1 em 2020. De acordo com a pasta, em 2019, foram entregues 245 mil resid\u00eancias pelo modelo atual e 233 mil est\u00e3o em constru\u00e7\u00e3o.<\/p>\n","protected":false},"excerpt":{"rendered":"<p>O governo federal anuncia neste m\u00eas a reformula\u00e7\u00e3o do programa habitacional Minha Casa Minha Vida, que passa a ter como prioridade munic\u00edpios com at\u00e9 50&hellip; <\/p>\n","protected":false},"author":1,"featured_media":133279,"comment_status":"closed","ping_status":"closed","sticky":false,"template":"","format":"standard","meta":{"sfsi_plus_gutenberg_text_before_share":"","sfsi_plus_gutenberg_show_text_before_share":"","sfsi_plus_gutenberg_icon_type":"","sfsi_plus_gutenberg_icon_alignemt":"","sfsi_plus_gutenburg_max_per_row":"","footnotes":""},"categories":[11],"tags":[],"class_list":["post-139165","post","type-post","status-publish","format-standard","has-post-thumbnail","hentry","category-politica"],"_links":{"self":[{"href":"https:\/\/www.caririemacao.com\/1\/wp-json\/wp\/v2\/posts\/139165","targetHints":{"allow":["GET"]}}],"collection":[{"href":"https:\/\/www.caririemacao.com\/1\/wp-json\/wp\/v2\/posts"}],"about":[{"href":"https:\/\/www.caririemacao.com\/1\/wp-json\/wp\/v2\/types\/post"}],"author":[{"embeddable":true,"href":"https:\/\/www.caririemacao.com\/1\/wp-json\/wp\/v2\/users\/1"}],"replies":[{"embeddable":true,"href":"https:\/\/www.caririemacao.com\/1\/wp-json\/wp\/v2\/comments?post=139165"}],"version-history":[{"count":1,"href":"https:\/\/www.caririemacao.com\/1\/wp-json\/wp\/v2\/posts\/139165\/revisions"}],"predecessor-version":[{"id":139167,"href":"https:\/\/www.caririemacao.com\/1\/wp-json\/wp\/v2\/posts\/139165\/revisions\/139167"}],"wp:featuredmedia":[{"embeddable":true,"href":"https:\/\/www.caririemacao.com\/1\/wp-json\/wp\/v2\/media\/133279"}],"wp:attachment":[{"href":"https:\/\/www.caririemacao.com\/1\/wp-json\/wp\/v2\/media?parent=139165"}],"wp:term":[{"taxonomy":"category","embeddable":true,"href":"https:\/\/www.caririemacao.com\/1\/wp-json\/wp\/v2\/categories?post=139165"},{"taxonomy":"post_tag","embeddable":true,"href":"https:\/\/www.caririemacao.com\/1\/wp-json\/wp\/v2\/tags?post=139165"}],"curies":[{"name":"wp","href":"https:\/\/api.w.org\/{rel}","templated":true}]}}