{"id":139170,"date":"2019-12-03T07:43:00","date_gmt":"2019-12-03T10:43:00","guid":{"rendered":"http:\/\/www.caririemacao.com\/1\/?p=139170"},"modified":"2019-12-03T07:43:00","modified_gmt":"2019-12-03T10:43:00","slug":"bolsonaro-revela-que-pediram-a-cabeca-de-guedes-apos-fala-do-ministro","status":"publish","type":"post","link":"https:\/\/www.caririemacao.com\/1\/2019\/12\/03\/bolsonaro-revela-que-pediram-a-cabeca-de-guedes-apos-fala-do-ministro\/","title":{"rendered":"Bolsonaro revela que \u2018pediram a cabe\u00e7a\u2019 de Guedes ap\u00f3s fala do ministro"},"content":{"rendered":"\n<p>O presidente Jair Bolsonaro (sem partido) minimizou as declara\u00e7\u00f5es sobre o AI-5 feitas por seu filho, o deputado Eduardo Bolsonaro (PSL-SP), e pelo ministro da Economia, Paulo Guedes, e disse que chegaram a \u201cpedir a cabe\u00e7a\u201d do chefe da equipe econ\u00f4mica em raz\u00e3o do epis\u00f3dio.<\/p>\n\n\n\n<p>No final de outubro, Eduardo Bolsonaro, que \u00e9 l\u00edder do PSL na C\u00e2mara, disse que se a esquerda radicalizasse no pa\u00eds -a exemplo do que ocorria nos protestos no Chile- era preciso ter uma resposta que pode ser via um novo AI-5. Guedes, por sua vez, disse em 25 de novembro que n\u00e3o \u00e9 poss\u00edvel se assustar com a ideia de algu\u00e9m pedir o AI-5 diante de um cen\u00e1rio de radicaliza\u00e7\u00e3o de protestos de rua no Brasil.<\/p>\n\n\n\n<p>\u201cSejam respons\u00e1veis, pratiquem a democracia. Ou democracia \u00e9 s\u00f3 quando o seu lado ganha? Quando o outro lado ganha, com dez meses voc\u00ea j\u00e1 chama todo mundo para quebrar a rua? Que responsabilidade \u00e9 essa? N\u00e3o se assustem ent\u00e3o se algu\u00e9m pedir o AI-5. J\u00e1 n\u00e3o aconteceu uma vez? Ou foi diferente? Levando o povo para a rua para quebrar tudo. Isso \u00e9 est\u00fapido, \u00e9 burro, n\u00e3o est\u00e1 \u00e0 altura da nossa tradi\u00e7\u00e3o democr\u00e1tica\u201d, declarou Guedes \u00e0 \u00e9poca.<\/p>\n\n\n\n<p>Editado em 1968, o Ato Institucional n\u00ba 5 deu ao regime militar uma s\u00e9rie de poderes para reprimir opositores e inaugurou o per\u00edodo mais duro da ditadura.<\/p>\n\n\n\n<p>As falas de Guedes e de Eduardo foram criticadas por parlamentares e juristas e ampliaram o clima de desconfian\u00e7a no Legislativo e no Judici\u00e1rio.<\/p>\n\n\n\n<p>\u201cEu entendo isso como liberdade de express\u00e3o, nada mais al\u00e9m disso. O fato de citar o AI-5, coisa que existia na Constitui\u00e7\u00e3o passada, eu n\u00e3o vejo nada demais. Foi num contexto de descambar o Brasil aqui n\u00e3o para movimentos sociais e reivindicat\u00f3rios, mas para algo parecido com terrorismo, como vem acontecendo no Chile\u201d, declarou Bolsonaro, durante uma entrevista ao Jornal da Record veiculada na noite desta segunda-feira (2).<\/p>\n\n\n\n<p>Na mesma entrevista, Bolsonaro afirmou que tanto seu filho quanto seu auxiliar poderiam ter usado \u201coutra express\u00e3o\u201d, mas afirmou n\u00e3o ver raz\u00e3o para \u201ctanta press\u00e3o em cima dos dois\u201d.<\/p>\n\n\n\n<p>\u201cAgora pediram at\u00e9 a cabe\u00e7a do Paulo Guedes pra mim, quando ele falou num contexto de o Brasil descambar para movimentos que passavam ao largo de serem movimentos sociais reivindicat\u00f3rias, que \u00e9 leg\u00edtima por parte da popula\u00e7\u00e3o\u201d, disse Bolsonaro na entrevista.<\/p>\n\n\n\n<p>O presidente n\u00e3o especificou quem lhe pediu a demiss\u00e3o de Guedes ap\u00f3s a fala do ministro sobre o AI-5.<\/p>\n\n\n\n<p>\u201cEst\u00e1 indo muito bem o governo, em especial a \u00e1rea econ\u00f4mica. Ent\u00e3o os que pedem a cabe\u00e7a do Paulo Guedes ou pediram, \u00e9 exatamente com o objetivo de nos desestruturar na quest\u00e3o econ\u00f4mica. O Paulo Guedes est\u00e1 firme, sem problema nenhum, fazendo um brilhante trabalho. A reforma mais importante que t\u00ednhamos pela frente era a previdenci\u00e1ria e [ele] conduziu com \u00eaxito exemplar. Temos agora a lei da liberdade econ\u00f4mica, muitas coisas est\u00e3o vindo a\u00ed. O Brasil est\u00e1 mudando com o comando do Paulo Guedes, obviamente na quest\u00e3o econ\u00f4mica\u201d, acrescentou o mandat\u00e1rio.<\/p>\n\n\n\n<p>Bolsonaro tamb\u00e9m negou que seu governo defenda qualquer medida para cassar direitos coletivos ou individuais. \u201cDe jeito nenhum. At\u00e9 porque se algu\u00e9m quiser cassar direito tem que passar pelo Parlamento, e ningu\u00e9m pensa nisso da\u00ed. Isso n\u00e3o existe\u201d.<\/p>\n\n\n\n<p>Por \u00faltimo, o presidente disse que seu governo conseguiu reverter a alta do desemprego no pa\u00eds. \u201cEspero que ano que vem se consiga recuperar mais um ou dois milh\u00f5es de empregos. Espero terminar meu mandato com bem menos de 10 milh\u00f5es de desempregados\u201d, concluiu.<\/p>\n","protected":false},"excerpt":{"rendered":"<p>O presidente Jair Bolsonaro (sem partido) minimizou as declara\u00e7\u00f5es sobre o AI-5 feitas por seu filho, o deputado Eduardo Bolsonaro (PSL-SP), e pelo ministro da&hellip; <\/p>\n","protected":false},"author":1,"featured_media":106039,"comment_status":"closed","ping_status":"closed","sticky":false,"template":"","format":"standard","meta":{"sfsi_plus_gutenberg_text_before_share":"","sfsi_plus_gutenberg_show_text_before_share":"","sfsi_plus_gutenberg_icon_type":"","sfsi_plus_gutenberg_icon_alignemt":"","sfsi_plus_gutenburg_max_per_row":"","footnotes":""},"categories":[11],"tags":[],"class_list":["post-139170","post","type-post","status-publish","format-standard","has-post-thumbnail","hentry","category-politica"],"_links":{"self":[{"href":"https:\/\/www.caririemacao.com\/1\/wp-json\/wp\/v2\/posts\/139170","targetHints":{"allow":["GET"]}}],"collection":[{"href":"https:\/\/www.caririemacao.com\/1\/wp-json\/wp\/v2\/posts"}],"about":[{"href":"https:\/\/www.caririemacao.com\/1\/wp-json\/wp\/v2\/types\/post"}],"author":[{"embeddable":true,"href":"https:\/\/www.caririemacao.com\/1\/wp-json\/wp\/v2\/users\/1"}],"replies":[{"embeddable":true,"href":"https:\/\/www.caririemacao.com\/1\/wp-json\/wp\/v2\/comments?post=139170"}],"version-history":[{"count":1,"href":"https:\/\/www.caririemacao.com\/1\/wp-json\/wp\/v2\/posts\/139170\/revisions"}],"predecessor-version":[{"id":139172,"href":"https:\/\/www.caririemacao.com\/1\/wp-json\/wp\/v2\/posts\/139170\/revisions\/139172"}],"wp:featuredmedia":[{"embeddable":true,"href":"https:\/\/www.caririemacao.com\/1\/wp-json\/wp\/v2\/media\/106039"}],"wp:attachment":[{"href":"https:\/\/www.caririemacao.com\/1\/wp-json\/wp\/v2\/media?parent=139170"}],"wp:term":[{"taxonomy":"category","embeddable":true,"href":"https:\/\/www.caririemacao.com\/1\/wp-json\/wp\/v2\/categories?post=139170"},{"taxonomy":"post_tag","embeddable":true,"href":"https:\/\/www.caririemacao.com\/1\/wp-json\/wp\/v2\/tags?post=139170"}],"curies":[{"name":"wp","href":"https:\/\/api.w.org\/{rel}","templated":true}]}}