{"id":139179,"date":"2019-12-03T08:27:54","date_gmt":"2019-12-03T11:27:54","guid":{"rendered":"http:\/\/www.caririemacao.com\/1\/?p=139179"},"modified":"2019-12-03T08:27:54","modified_gmt":"2019-12-03T11:27:54","slug":"ministerio-da-economia-discute-privatizacao-do-banco-do-brasil","status":"publish","type":"post","link":"https:\/\/www.caririemacao.com\/1\/2019\/12\/03\/ministerio-da-economia-discute-privatizacao-do-banco-do-brasil\/","title":{"rendered":"Minist\u00e9rio da Economia discute privatiza\u00e7\u00e3o do Banco do Brasil"},"content":{"rendered":"\n<p>O ministro da Economia, Paulo Guedes , e sua equipe se preparam para iniciar um processo que pode levar \u00e0 privatiza\u00e7\u00e3o do Banco do Brasil (BB), segundo fontes que acompanham de perto o programa de desestatiza\u00e7\u00f5es do governo federal.<\/p>\n\n\n\n<p>O primeiro passo para essa medida ser\u00e1 Guedes convencer o presidente Jair Bolsonaro a aceitar vender o banco p\u00fablico, de acordo com essas fontes.<\/p>\n\n\n\n<p>A privatiza\u00e7\u00e3o do Banco do Brasil, por\u00e9m, n\u00e3o seria feita no curto prazo, podendo ocorrer at\u00e9 o fim do mandato , em 2022. Em nota, o Minist\u00e9rio da Economia informou que o governo Bolsonaro \u201cn\u00e3o pretende privatizar Banco do Brasil, Caixa e Petrobras\u201d. O banco n\u00e3o comentou.<\/p>\n\n\n\n<p>Apesar da negativa, o tema j\u00e1 \u00e9 alvo de discuss\u00f5es dentro do governo. A privatiza\u00e7\u00e3o do BB chegou a ser abordada durante reuni\u00e3o do Programa de Parcerias de Investimentos (PPI), o bra\u00e7o de privatiza\u00e7\u00f5es do governo federal, h\u00e1 duas semanas.<\/p>\n\n\n\n<p>\u2014 O ministro tenta convencer o presidente a j\u00e1 colocar o Banco do Brasil nas privatiza\u00e7\u00f5es que ser\u00e3o enviadas ao Congresso no pr\u00f3ximo ano, para deixar uma lista mais parruda \u2014 disse outra fonte que participa da interlocu\u00e7\u00e3o com os parlamentares.<\/p>\n\n\n\n<p>O presidente da institui\u00e7\u00e3o, Rubem Novaes, \u00e9 um dos grandes defensores da medida dentro do governo. Ele j\u00e1 chegou a afirmar que a privatiza\u00e7\u00e3o do Banco do Brasil seria inevit\u00e1vel .<\/p>\n\n\n\n<p>Em entrevista ao GLOBO, publicada no domingo, Guedes disse que uma privatiza\u00e7\u00e3o particularmente poderia render R$ 250 bilh\u00f5es , sem especificar a qual estatal se referia. Duas empresas p\u00fablicas, com a\u00e7\u00f5es negociadas na Bolsa de Valores, teriam potencial para superar as centenas de bilh\u00f5es: BB e Petrobras.<\/p>\n\n\n\n<p>Segundo a consultoria Econom\u00e1tica, o BB tem hoje valor de mercado de R$ 133 bilh\u00f5es. A parcela que pertence \u00e0 Uni\u00e3o equivale a R$ 66 bilh\u00f5es.<\/p>\n\n\n\n<p>A economista Elena Landau avalia como positiva a eventual privatiza\u00e7\u00e3o do BB, mas defende que mais empresas sejam inclu\u00eddas na lista.<\/p>\n\n\n\n<p>Nos pr\u00f3ximos 3 anos : Nova estrat\u00e9gia far\u00e1 BNDES vender at\u00e9 90% das a\u00e7\u00f5es que det\u00e9m em empresas<\/p>\n\n\n\n<p>\u2014 A privatiza\u00e7\u00e3o vai na linha do Banco Central de aumentar a competi\u00e7\u00e3o do setor financeiro. A modelagem ter que ser nesse sentido. Tem que ter capital estrangeiro. Apesar de achar pouco, est\u00e1 no caminho certo \u2014 afirmou.<\/p>\n\n\n\n<p>Para ela, o \u00fanico problema pol\u00edtico que poderia ser um entrave \u00e0 privatiza\u00e7\u00e3o seria o cr\u00e9dito agr\u00edcola:<\/p>\n\n\n\n<p>\u2014 O BB j\u00e1 mudou governan\u00e7a, fez desinvestimentos, est\u00e1 sendo preparado para venda. O \u00fanico nicho de oposi\u00e7\u00e3o no BB \u00e9 o cr\u00e9dito agr\u00edcola.<\/p>\n\n\n\n<p>Guedes tem o desejo de vender todas as empresas p\u00fablicas, mas sabe das dificuldades pol\u00edticas e burocr\u00e1ticas para atingir esse objetivo. Por isso, emiss\u00e1rios do ministro come\u00e7aram a sentir o clima do Congresso sobre como determinadas privatiza\u00e7\u00f5es seriam recebidas pelos parlamentares.<\/p>\n\n\n\n<p>\u00c9 preciso lei espec\u00edfica para privatizar Petrobras, Eletrobras, Banco do Brasil e Caixa Econ\u00f4mica Federal. A avalia\u00e7\u00e3o inicial de integrantes da ala pol\u00edtica do governo foi que haveria pouca resist\u00eancia a uma eventual privatiza\u00e7\u00e3o do BB, gerando menos dificuldades ao governo, enquanto deputados e senadores n\u00e3o aceitariam vender a Caixa.<\/p>\n\n\n\n<p>A equipe do ministro v\u00ea numa eventual privatiza\u00e7\u00e3o do Banco do Brasil uma maneira de baratear e diversificar o acesso ao cr\u00e9dito no pa\u00eds. O setor \u00e9 considerado altamente concentrado e pouco competitivo por integrantes da equipe econ\u00f4mica.<\/p>\n\n\n\n<p>E essa concentra\u00e7\u00e3o, dizem os integrantes do governo, pune consumidores e empresas. Por isso, a prefer\u00eancia seria que o banco fosse administrado por uma empresa estrangeira.<\/p>\n\n\n\n<p>O banco j\u00e1 vendeu sua participa\u00e7\u00e3o na resseguradora IRB, fez oferta secund\u00e1ria de a\u00e7\u00f5es, e vendeu fatia na BB Seguridade, na Neoenergia, na Cibrasec e na SBCE.<\/p>\n","protected":false},"excerpt":{"rendered":"<p>O ministro da Economia, Paulo Guedes , e sua equipe se preparam para iniciar um processo que pode levar \u00e0 privatiza\u00e7\u00e3o do Banco do Brasil&hellip; <\/p>\n","protected":false},"author":1,"featured_media":106194,"comment_status":"closed","ping_status":"closed","sticky":false,"template":"","format":"standard","meta":{"sfsi_plus_gutenberg_text_before_share":"","sfsi_plus_gutenberg_show_text_before_share":"","sfsi_plus_gutenberg_icon_type":"","sfsi_plus_gutenberg_icon_alignemt":"","sfsi_plus_gutenburg_max_per_row":"","footnotes":""},"categories":[2],"tags":[],"class_list":["post-139179","post","type-post","status-publish","format-standard","has-post-thumbnail","hentry","category-geral"],"_links":{"self":[{"href":"https:\/\/www.caririemacao.com\/1\/wp-json\/wp\/v2\/posts\/139179","targetHints":{"allow":["GET"]}}],"collection":[{"href":"https:\/\/www.caririemacao.com\/1\/wp-json\/wp\/v2\/posts"}],"about":[{"href":"https:\/\/www.caririemacao.com\/1\/wp-json\/wp\/v2\/types\/post"}],"author":[{"embeddable":true,"href":"https:\/\/www.caririemacao.com\/1\/wp-json\/wp\/v2\/users\/1"}],"replies":[{"embeddable":true,"href":"https:\/\/www.caririemacao.com\/1\/wp-json\/wp\/v2\/comments?post=139179"}],"version-history":[{"count":1,"href":"https:\/\/www.caririemacao.com\/1\/wp-json\/wp\/v2\/posts\/139179\/revisions"}],"predecessor-version":[{"id":139180,"href":"https:\/\/www.caririemacao.com\/1\/wp-json\/wp\/v2\/posts\/139179\/revisions\/139180"}],"wp:featuredmedia":[{"embeddable":true,"href":"https:\/\/www.caririemacao.com\/1\/wp-json\/wp\/v2\/media\/106194"}],"wp:attachment":[{"href":"https:\/\/www.caririemacao.com\/1\/wp-json\/wp\/v2\/media?parent=139179"}],"wp:term":[{"taxonomy":"category","embeddable":true,"href":"https:\/\/www.caririemacao.com\/1\/wp-json\/wp\/v2\/categories?post=139179"},{"taxonomy":"post_tag","embeddable":true,"href":"https:\/\/www.caririemacao.com\/1\/wp-json\/wp\/v2\/tags?post=139179"}],"curies":[{"name":"wp","href":"https:\/\/api.w.org\/{rel}","templated":true}]}}