{"id":139190,"date":"2019-12-03T09:16:25","date_gmt":"2019-12-03T12:16:25","guid":{"rendered":"http:\/\/www.caririemacao.com\/1\/?p=139190"},"modified":"2019-12-03T09:16:25","modified_gmt":"2019-12-03T12:16:25","slug":"decreto-que-institui-programa-ciencia-na-escola-e-publicado","status":"publish","type":"post","link":"https:\/\/www.caririemacao.com\/1\/2019\/12\/03\/decreto-que-institui-programa-ciencia-na-escola-e-publicado\/","title":{"rendered":"Decreto que institui Programa Ci\u00eancia na Escola \u00e9 publicado"},"content":{"rendered":"\n<p>O Programa Ci\u00eancia na Escola que, entre outras medidas, objetiva aprimorar o estudo de ci\u00eancias nas escolas de educa\u00e7\u00e3o b\u00e1sica, estimular o interesse dos alunos pelas disciplinas cient\u00edficas, identificar jovens talentos, qualificar professores e democratizar o conhecimento e popularizar a ci\u00eancia no pa\u00eds, foi institu\u00eddo pelo governo federal, por meio de decreto assinado pelo presidente da Rep\u00fablica, publicado no Di\u00e1rio Oficial da Uni\u00e3o desta ter\u00e7a-feira (3).<\/p>\n\n\n\n<p>O programa estabelece a\u00e7\u00f5es como: a cria\u00e7\u00e3o da Olimp\u00edada Nacional de Ci\u00eancias e a instala\u00e7\u00e3o do curso de especializa\u00e7\u00e3o a dist\u00e2ncia, denominado Ci\u00eancia \u00e9 Dez!. Al\u00e9m disso, institui um Comit\u00ea Gestor, ao qual caber\u00e1 deliberar sobre as estrat\u00e9gias de implanta\u00e7\u00e3o e definir a pol\u00edtica de monitoramento e avalia\u00e7\u00e3o do Ci\u00eancia Na Escola.<\/p>\n\n\n\n<p>O Comit\u00ea Gestor ser\u00e1 formado por um representante do Minist\u00e9rio da Ci\u00eancia, Tecnologia, Inova\u00e7\u00f5es e Comunica\u00e7\u00f5es, que o coordenar\u00e1; um do Minist\u00e9rio da Educa\u00e7\u00e3o; um da Coordena\u00e7\u00e3o de Aperfei\u00e7oamento de Pessoal de N\u00edvel Superior; um do Conselho Nacional de Desenvolvimento Cient\u00edfico e Tecnol\u00f3gico; e um representante da sociedade civil.<\/p>\n\n\n\n<p>De acordo com o decreto, o Comit\u00ea Gestor ter\u00e1, entre outras fun\u00e7\u00f5es, deliberar sobre as estrat\u00e9gias de implanta\u00e7\u00e3o e sobre a pol\u00edtica de monitoramento e avalia\u00e7\u00e3o do Programa; aprovar o regimento interno do comit\u00ea, no prazo de 60 dias, contado da data de sua instala\u00e7\u00e3o, e suas modifica\u00e7\u00f5es; e recomendar a contrata\u00e7\u00e3o de estudos e pesquisas.<\/p>\n\n\n\n<p>A primeira reuni\u00e3o ordin\u00e1ria do Comit\u00ea Gestor do Programa Ci\u00eancia na Escola ocorrer\u00e1 no prazo de 60 dias, a contar a partir de hoje, data de publica\u00e7\u00e3o do&nbsp;<a href=\"http:\/\/www.in.gov.br\/en\/web\/dou\/-\/decreto-n-10.151-de-2-de-dezembro-de2019-231014349\" target=\"_blank\" rel=\"noreferrer noopener\">Decreto n\u00ba 10.151\/2019<\/a>.<\/p>\n\n\n\n<p>O programa foi lan\u00e7ado em abril deste ano pelos minist\u00e9rios da Educa\u00e7\u00e3o (MEC) e da Ci\u00eancia, Tecnologia, Inova\u00e7\u00f5es e Comunica\u00e7\u00f5es (MCTIC). Ser\u00e3o disponibilizados R$ 100 milh\u00f5es para institui\u00e7\u00f5es apresentarem projetos visando a estimular essa tem\u00e1tica nos bancos escolares.<\/p>\n\n\n\n<p>Poder\u00e3o concorrer a esses recursos redes de institui\u00e7\u00f5es que envolvam escolas, universidades, centros de ci\u00eancia e espa\u00e7os de desenvolvimento cient\u00edfico e inova\u00e7\u00e3o. As verbas ser\u00e3o distribu\u00eddas em diferentes escalas de projetos, como estadual (R$ 4 milh\u00f5es), interestadual (R$ 10 milh\u00f5es) e regional (R$ 20 milh\u00f5es).<\/p>\n","protected":false},"excerpt":{"rendered":"<p>O Programa Ci\u00eancia na Escola que, entre outras medidas, objetiva aprimorar o estudo de ci\u00eancias nas escolas de educa\u00e7\u00e3o b\u00e1sica, estimular o interesse dos alunos&hellip; <\/p>\n","protected":false},"author":1,"featured_media":128354,"comment_status":"closed","ping_status":"closed","sticky":false,"template":"","format":"standard","meta":{"sfsi_plus_gutenberg_text_before_share":"","sfsi_plus_gutenberg_show_text_before_share":"","sfsi_plus_gutenberg_icon_type":"","sfsi_plus_gutenberg_icon_alignemt":"","sfsi_plus_gutenburg_max_per_row":"","footnotes":""},"categories":[2],"tags":[],"class_list":["post-139190","post","type-post","status-publish","format-standard","has-post-thumbnail","hentry","category-geral"],"_links":{"self":[{"href":"https:\/\/www.caririemacao.com\/1\/wp-json\/wp\/v2\/posts\/139190","targetHints":{"allow":["GET"]}}],"collection":[{"href":"https:\/\/www.caririemacao.com\/1\/wp-json\/wp\/v2\/posts"}],"about":[{"href":"https:\/\/www.caririemacao.com\/1\/wp-json\/wp\/v2\/types\/post"}],"author":[{"embeddable":true,"href":"https:\/\/www.caririemacao.com\/1\/wp-json\/wp\/v2\/users\/1"}],"replies":[{"embeddable":true,"href":"https:\/\/www.caririemacao.com\/1\/wp-json\/wp\/v2\/comments?post=139190"}],"version-history":[{"count":1,"href":"https:\/\/www.caririemacao.com\/1\/wp-json\/wp\/v2\/posts\/139190\/revisions"}],"predecessor-version":[{"id":139191,"href":"https:\/\/www.caririemacao.com\/1\/wp-json\/wp\/v2\/posts\/139190\/revisions\/139191"}],"wp:featuredmedia":[{"embeddable":true,"href":"https:\/\/www.caririemacao.com\/1\/wp-json\/wp\/v2\/media\/128354"}],"wp:attachment":[{"href":"https:\/\/www.caririemacao.com\/1\/wp-json\/wp\/v2\/media?parent=139190"}],"wp:term":[{"taxonomy":"category","embeddable":true,"href":"https:\/\/www.caririemacao.com\/1\/wp-json\/wp\/v2\/categories?post=139190"},{"taxonomy":"post_tag","embeddable":true,"href":"https:\/\/www.caririemacao.com\/1\/wp-json\/wp\/v2\/tags?post=139190"}],"curies":[{"name":"wp","href":"https:\/\/api.w.org\/{rel}","templated":true}]}}