{"id":139195,"date":"2019-12-03T09:19:12","date_gmt":"2019-12-03T12:19:12","guid":{"rendered":"http:\/\/www.caririemacao.com\/1\/?p=139195"},"modified":"2019-12-03T09:19:12","modified_gmt":"2019-12-03T12:19:12","slug":"atriz-da-globo-revela-que-nao-toma-banho-todos-os-dias-na-europa","status":"publish","type":"post","link":"https:\/\/www.caririemacao.com\/1\/2019\/12\/03\/atriz-da-globo-revela-que-nao-toma-banho-todos-os-dias-na-europa\/","title":{"rendered":"Atriz da Globo revela que n\u00e3o toma banho todos os dias na Europa"},"content":{"rendered":"\n<p>&nbsp;A atriz e apresentadora Luana Piovani, 43, disse nesta segunda-feira (2) que est\u00e1 muito frio em Lisboa, onde mora com os tr\u00eas filhos, e que com as temperaturas baixas, ela at\u00e9 tenta, mas tem dias que n\u00e3o toma banho.<\/p>\n\n\n\n<p>\u201cEu tento tomar banho todos os dias, mas, \u00e0s vezes, digo: \u2018Ah, hoje vou ficar aqui bem quietinha. Nem suei\u2019. N\u00e3o \u00e9? Aquela frasezinha cl\u00e1ssica\u201d, afirmou em v\u00eddeo publicado no Stories do seu Instagram.<\/p>\n\n\n\n<p>Antes, ela disse que com o frio \u201cn\u00e3o precisa tomar banho todos os dias, n\u00e3o\u201d. \u201cPode me chamar de suja, t\u00e1? Tamb\u00e9m n\u00e3o estou me importando, n\u00e3o, gra\u00e7as a Deus ningu\u00e9m paga as minhas contas. Pode me chamar de suja, de fedida, o que quiser. Eu sei exatamente o que sou, porque tenho um espelho maravilhoso em casa\u201d, falou.<\/p>\n\n\n\n<p>A atriz e apresentadora tamb\u00e9m comentou que passar o Natal em Lisboa, no inverno europeu, ser\u00e1 uma nova experi\u00eancia para ela e para os filhos. Na semana passada, Piovani j\u00e1 tinha dito que esta ser\u00e1 a primeira vez que os filhos v\u00e3o passar as festas de fim de ano longe do pai, o surfista Pedro Scooby, 31.<\/p>\n\n\n\n<p>A atriz abordou o assunto em uma publica\u00e7\u00e3o no seu Instagram, em que citou uma frase da psicanalista Regina Navarro Lins e falou sobre \u201creeditar a tristeza\u201d.<\/p>\n\n\n\n<p>No mesmo post, ela tamb\u00e9m falou sobre a viagem que fez para Israel com o namorado Ofek Malka, 23, e disse que, apesar de ter de se despedir do amado, est\u00e1 feliz por poder passar as festas de fim de ano com ele. Afirmou ainda que ser\u00e1 bom passar um Natal sem a sensa\u00e7\u00e3o de estar sozinha -sentimento que ela diz ter experimentado quando estava casada com Scooby.<\/p>\n\n\n\n<p>\u201cPrimeiro Natal dos pintinhos [como ela se refere aos filhos] sem o pai deles, por\u00e9m, j\u00e1 que \u00e9 para reeditar a tristeza, bora logo mudar o script: despedir do namorado emocionada, mas feliz, afinal a escolha \u00e9 estar junto logo logo de novo e ter um Natal sem a frustrante sensa\u00e7\u00e3o de estar sozinha, casada\u201d, escreveu.<\/p>\n\n\n\n<p>A atriz e Scooby anunciaram o fim do relacionamento em mar\u00e7o ap\u00f3s oito anos juntos. Depois da separa\u00e7\u00e3o, os dois j\u00e1 se envolveram em algumas pol\u00eamicas. O surfista teve um breve relacionamento com Anitta. Na \u00e9poca, Piovani chegou a trocar farpas com o ex nas redes sociais, o acusando de n\u00e3o ser presente na rela\u00e7\u00e3o com os filhos.<\/p>\n\n\n\n<p>Recentemente, Scooby assumiu o namoro com a modelo C\u00edntia Dicker.<\/p>\n","protected":false},"excerpt":{"rendered":"<p>&nbsp;A atriz e apresentadora Luana Piovani, 43, disse nesta segunda-feira (2) que est\u00e1 muito frio em Lisboa, onde mora com os tr\u00eas filhos, e que&hellip; <\/p>\n","protected":false},"author":1,"featured_media":139196,"comment_status":"closed","ping_status":"closed","sticky":false,"template":"","format":"standard","meta":{"sfsi_plus_gutenberg_text_before_share":"","sfsi_plus_gutenberg_show_text_before_share":"","sfsi_plus_gutenberg_icon_type":"","sfsi_plus_gutenberg_icon_alignemt":"","sfsi_plus_gutenburg_max_per_row":"","footnotes":""},"categories":[2],"tags":[],"class_list":["post-139195","post","type-post","status-publish","format-standard","has-post-thumbnail","hentry","category-geral"],"_links":{"self":[{"href":"https:\/\/www.caririemacao.com\/1\/wp-json\/wp\/v2\/posts\/139195","targetHints":{"allow":["GET"]}}],"collection":[{"href":"https:\/\/www.caririemacao.com\/1\/wp-json\/wp\/v2\/posts"}],"about":[{"href":"https:\/\/www.caririemacao.com\/1\/wp-json\/wp\/v2\/types\/post"}],"author":[{"embeddable":true,"href":"https:\/\/www.caririemacao.com\/1\/wp-json\/wp\/v2\/users\/1"}],"replies":[{"embeddable":true,"href":"https:\/\/www.caririemacao.com\/1\/wp-json\/wp\/v2\/comments?post=139195"}],"version-history":[{"count":1,"href":"https:\/\/www.caririemacao.com\/1\/wp-json\/wp\/v2\/posts\/139195\/revisions"}],"predecessor-version":[{"id":139197,"href":"https:\/\/www.caririemacao.com\/1\/wp-json\/wp\/v2\/posts\/139195\/revisions\/139197"}],"wp:featuredmedia":[{"embeddable":true,"href":"https:\/\/www.caririemacao.com\/1\/wp-json\/wp\/v2\/media\/139196"}],"wp:attachment":[{"href":"https:\/\/www.caririemacao.com\/1\/wp-json\/wp\/v2\/media?parent=139195"}],"wp:term":[{"taxonomy":"category","embeddable":true,"href":"https:\/\/www.caririemacao.com\/1\/wp-json\/wp\/v2\/categories?post=139195"},{"taxonomy":"post_tag","embeddable":true,"href":"https:\/\/www.caririemacao.com\/1\/wp-json\/wp\/v2\/tags?post=139195"}],"curies":[{"name":"wp","href":"https:\/\/api.w.org\/{rel}","templated":true}]}}