{"id":139215,"date":"2019-12-03T12:35:27","date_gmt":"2019-12-03T15:35:27","guid":{"rendered":"http:\/\/www.caririemacao.com\/1\/?p=139215"},"modified":"2019-12-03T12:35:27","modified_gmt":"2019-12-03T15:35:27","slug":"apos-criticas-de-ricardo-joao-anuncia-desfiliacao-do-psb-em-busca-da-democracia-perdida","status":"publish","type":"post","link":"https:\/\/www.caririemacao.com\/1\/2019\/12\/03\/apos-criticas-de-ricardo-joao-anuncia-desfiliacao-do-psb-em-busca-da-democracia-perdida\/","title":{"rendered":"Ap\u00f3s cr\u00edticas de Ricardo, Jo\u00e3o anuncia desfilia\u00e7\u00e3o do PSB: \u2018Em busca da democracia perdida\u2019\u201d"},"content":{"rendered":"\n<p>O governador Jo\u00e3o Azev\u00eado anunciou, nesta ter\u00e7a-feira (3), a desfilia\u00e7\u00e3o do Partido Socialista Brasileiro (PSB). Em carta divulgada ao povo paraibano, o gestor afirma que chegou a aguardar o restabelecimento do di\u00e1logo no PSB, mas, diante da falta de qualquer atitude de autocr\u00edtica depois da interven\u00e7\u00e3o no Diret\u00f3rio Estadual, sai da legenda \u201cem busca da democracia perdida\u201d.<\/p>\n\n\n\n<p>Jo\u00e3o Azev\u00eado tamb\u00e9m agradeceu a todos os militantes, dirigentes e colaboradores que confiaram nas propostas do governo e t\u00eam hipotecado solidariedade irrestrita nesse momento t\u00e3o delicado.<\/p>\n\n\n\n<p>Segundo um dos trechos do documento assinado pelo governador, \u201cA democracia que defendemos n\u00e3o deve ser um conceito vago, um ser abstrato, que se usa quando conv\u00e9m, para embasar as pr\u00f3prias teses e dar ganho de causa a argumentos e procedimentos. Democracia \u00e9 uma palavra viva que precisa estar presente no nosso dia a dia. E eu procuro pratic\u00e1-la nas minhas atividades, no cotidiano, com minha equipe, com amigos, com companheiros e companheiras, na rela\u00e7\u00e3o com a comunidade, com as institui\u00e7\u00f5es e os movimentos sociais. Uma pr\u00e1tica que adoto em fam\u00edlia, compartilhando com minha esposa e estendendo esse conceito a filhos e netos, como um legado de vida\u201d, conceituou.<\/p>\n\n\n\n<p><strong>Leia a carta na \u00edntegra<\/strong>:<\/p>\n\n\n\n<p><em>\u201cSaio do PSB em busca da democracia perdida<\/em><\/p>\n\n\n\n<p><em>Ao povo paraibano.<\/em><\/p>\n\n\n\n<p><em>Tenho exercido os limites da paci\u00eancia para n\u00e3o incorrer nas falhas que a pressa leva sempre a cometermos. Mas, como humanos, todos temos nossos limites. E o meu chegou com o PSB, partido ao qual sou filiado e me elegi governador em 2018. Desde a dissolu\u00e7\u00e3o do Diret\u00f3rio Estadual, em agosto deste ano, sucedido por uma interven\u00e7\u00e3o nacional ou simplesmentpelo golpe aplicado \u2013 segundo companheiros de partido e a imprensa local, que o inc\u00f4modo com a situa\u00e7\u00e3o s\u00f3 se agravava e exigia, mais cedo ou mais tarde, uma tomada de decis\u00e3o. E ela chegou. Saio do PSB em busca da democracia perdida.<\/em><\/p>\n\n\n\n<p><em>Muitos achavam que essa decis\u00e3o deveria ter sido imediata ao ato de for\u00e7a que culminou com a dissolu\u00e7\u00e3o do Diret\u00f3rio eleito em congresso, sem a menor justificativa. Ou quando foi nomeada uma Comiss\u00e3o Interventora pela dire\u00e7\u00e3o nacional da legenda que colocaram meu nome junto com o senador Veneziano Vital e outros dois companheiros, sem consulta alguma, nessa tal Comiss\u00e3o Interventora.<\/em><\/p>\n\n\n\n<p><em>N\u00e3o a tomei em nenhum desses momentos, embora justificativas n\u00e3o faltassem, justamente para que os \u00e2nimos pudessem ser serenados, o di\u00e1logo restabelecido e a ordem verdadeiramente democr\u00e1tica voltasse a predominar no PSB paraibano.<\/em><\/p>\n\n\n\n<p><em>O que se viu, no entanto, foi a falta de qualquer gesto ou atitude de autocr\u00edtica pelo terr\u00edvel erro cometido com a bonita hist\u00f3ria de nosso partido na Para\u00edba. Nos nivelamos a legendas autocr\u00e1ticas, de ocasi\u00e3o, sem zelo pelos mandatos eletivos em andamento. E pensar que o partido acaba de realizar evento nacional para promover uma Autorreforma. Sem democracia interna n\u00e3o existem sequer reformas, imaginem autorreforma.<\/em><\/p>\n\n\n\n<p><em>A democracia que defendemos n\u00e3o deve ser um conceito vago, um ser abstrato, que se usa quando conv\u00e9m, para embasar as pr\u00f3prias teses e dar ganho de causa a argumentos e procedimentos. Democracia \u00e9 uma palavra viva que precisa estar presente no nosso dia a dia. E eu procuro pratic\u00e1-la nas minhas atividades, no cotidiano, com minha equipe, com amigos, com companheiros e companheiras, na rela\u00e7\u00e3o com a comunidade, com as institui\u00e7\u00f5es e os movimentos sociais. Uma pr\u00e1tica que adoto em fam\u00edlia, compartilhando com minha esposa e estendendo esse conceito a filhos e netos, como um legado de vida.<\/em><\/p>\n\n\n\n<p><em>M\u00e1goas e rancores n\u00e3o cabem em meu cora\u00e7\u00e3o. Apenas lamenta\u00e7\u00f5es. A primeira, por ter que deixar o partido pelo qual fui eleito. Sem antes deixar de agradecer a todos os militantes, dirigentes e colaboradores que confiaram nas nossas propostas e t\u00eam hipotecado solidariedade irrestrita nesse momento t\u00e3o delicado.<\/em><\/p>\n\n\n\n<p><em>A segunda e \u00faltima lamenta\u00e7\u00e3o eu n\u00e3o poderia deixar de registrar, porque essa d\u00f3i profundamente e n\u00e3o vou guardar apenas comigo, pois isso faz mal \u00e0 alma. Ironicamente, as maiores cr\u00edticas ao nosso Governo nesses 11 meses n\u00e3o vieram da oposi\u00e7\u00e3o, dos partidos pol\u00edticos, dos sindicatos e associa\u00e7\u00f5es de classe, dos deputados na Assembl\u00e9ia, da imprensa, dos artistas e intelectuais, das universidades e da sociedade em geral, que t\u00eam toda legitimidade para contestar e apontar os caminhos a serem seguidos pelos governantes.<\/em><\/p>\n\n\n\n<p><em>A maioria das cr\u00edticas \u2013 ou melhor, dos ataques \u2013, veio de membros do nosso pr\u00f3prio partido. E n\u00e3o foi do militante l\u00e1 na ponta ou de algu\u00e9m que votou e contribuiu de alguma forma, talvez desgostoso com algum fato menor ou desentendimento com algu\u00e9m dos quadros governamentais. O antagonismo veio de figuras de proa do PSB, que mesmo antes da Interven\u00e7\u00e3o ou do golpe, j\u00e1 atacavam o Governo, secret\u00e1rios e o governador.<\/em><\/p>\n\n\n\n<p><em>Cheguei a ser severamente criticado em entrevistas e redes sociais simplesmente por dar continuidade ao Projeto do PSB, por sequenciar obras e realiza\u00e7\u00f5es que n\u00e3o foram conclu\u00eddas at\u00e9 31 de dezembro de 2018 e muitas dadas como conclu\u00eddas e inauguradas. Mantivemos nomes e continuamos todos os programas e projetos do Governo anterior, com direito a ampli\u00e1-los, incorporando novas vis\u00f5es e atores sociais. Mantive grande parte da equipe anterior, mesmo assim, pelo fato de ter realmente assumido as fun\u00e7\u00f5es de governador do estado, tomando minhas pr\u00f3prias decis\u00f5es, com poss\u00edveis erros e acertos, n\u00e3o foi do agrado de alguns que achavam que continuariam a governar a Para\u00edba.<\/em><\/p>\n\n\n\n<p><em>Convivi neste per\u00edodo, com boicotes e sabotagens internos \u00e0 gest\u00e3o promovidos por alguns, que apegados a fun\u00e7\u00f5es e sal\u00e1rios, n\u00e3o tiveram a dignidade de entregar seus cargos, agindo ou n\u00e3o sob algum tipo de comando superior.<\/em><\/p>\n\n\n\n<p><em>Confesso que ainda n\u00e3o entendi o porqu\u00ea disso tudo. Quais objetivos se escondem \u2013 se \u00e9 que existem ou foi de ato impensado \u2013 para a semeadura de tanta disc\u00f3rdia em uma legenda que venceu as elei\u00e7\u00f5es de forma consagradora e transformou-se na maior agremia\u00e7\u00e3o partid\u00e1ria do Estado.<\/em><\/p>\n\n\n\n<p><em>Mas, como a vida \u00e9 feita de ciclos, iniciaremos uma nova caminhada a partir de hoje.<\/em><\/p>\n\n\n\n<p><em>\u201cA cada chamado da vida, o cora\u00e7\u00e3o deve estar pronto para a despedida e para novo come\u00e7o, com \u00e2nimo e sem lam\u00farias\u201d, assim escreveu um famoso escritor alem\u00e3o.<\/em><\/p>\n\n\n\n<p><em>Quero agradecer aos in\u00fameros convites que tenho recebido, de dirigentes estaduais e nacionais, para ingressar em uma nova legenda. N\u00e3o abri di\u00e1logo e nem avancei em qualquer tratativa, ante minha filia\u00e7\u00e3o anterior ao PSB. Mas irei faz\u00ea-lo neste final de ano, a fim de iniciar 2020 em uma nova e acolhedora casa. N\u00e3o pretendo criar novo partido ou seguir modismos oportunistas. Acredito que o fortalecimento da democracia passa por partidos program\u00e1ticos, ideol\u00f3gicos, com diversidade, unidade e, principalmente, com elei\u00e7\u00f5es internas de seus membros em f\u00f3runs regimentais e respeito \u00e0s decis\u00f5es de todas as inst\u00e2ncias partid\u00e1rias.<\/em><\/p>\n\n\n\n<p><em>Irei mudar de partido porque o meu atual desconfigurou-se por completo na Para\u00edba. Mas os princ\u00edpios e o conjunto de id\u00e9ias que acredito, caminhar\u00e3o sempre comigo. Vou procurar uma legenda que se afine com nossa vis\u00e3o de mundo e de Brasil, que n\u00e3o seja sect\u00e1ria, dona da verdade, que n\u00e3o exer\u00e7a patrulha ideol\u00f3gica e refute alian\u00e7as program\u00e1ticas. Tamb\u00e9m que n\u00e3o flerte com o extremismo, com o fanatismo pol\u00edtico, seja de direita ou de esquerda, nem tampouco pratique a idolatria personalista. Que os discursos para dentro sejam os mesmos para fora. Que a verdade seja sempre o que norteie as decis\u00f5es. Que o dinheiro p\u00fablico seja respeitado.<\/em><\/p>\n\n\n\n<p><em>Acredito em um partido que abrace o pluralismo de id\u00e9ias, a independ\u00eancia e o respeito entre os poderes; que professe a liberdade de imprensa e de religi\u00e3o, o estado laico, o multiculturalismo, o desenvolvimento sustent\u00e1vel, a globaliza\u00e7\u00e3o e a inclus\u00e3o social com desenvolvimento; a defesa das causas ambientais, o direito das minorias e o respeito \u00e0s fam\u00edlias; a diversidade, o empreendedorismo e o Estado para corrigir as desigualdades e tamb\u00e9m como indutor da economia; os valores crist\u00e3os, sem usar em v\u00e3o o nome de Deus em atividade pol\u00edtica; e, por fim, a harmonia, o di\u00e1logo e a paz social entre n\u00f3s cidad\u00e3os.<\/em><\/p>\n\n\n\n<p><em>Aos amigos e amigas que esperaram por essa decis\u00e3o e confiam em nosso trabalho, que com muita humildade e seriedade vem mantendo e melhorando praticamente todos os \u00edndices da Para\u00edba, em destaque no cen\u00e1rio nacional, convido-os para nos acompanhar nessa caminhada que se inicia.<\/em><\/p>\n\n\n\n<p><em>A partir de hoje, vou consultar muitos de voc\u00eas para que tomemos a decis\u00e3o em conjunto, porque ningu\u00e9m, sozinho, \u00e9 dono da verdade.<\/em><\/p>\n\n\n\n<p><em>Aos paraibanos e paraibanas, meus sinceros respeitos. Ajudem-me a continuar trilhando o mesmo caminho confiado, at\u00e9 o dia 31 de dezembro de 2022.<\/em><\/p>\n\n\n\n<p><em>DEMOCRACIA, SEMPRE!<\/em><br><em>DITADURA, NUNCA MAIS!<\/em><\/p>\n\n\n\n<p><em>Jo\u00e3o Azev\u00eado Lins Filho<\/em><br><em>Governador da Para\u00edba<\/em><\/p>\n\n\n\n<p><strong>MaisPB<\/strong><\/p>\n","protected":false},"excerpt":{"rendered":"<p>O governador Jo\u00e3o Azev\u00eado anunciou, nesta ter\u00e7a-feira (3), a desfilia\u00e7\u00e3o do Partido Socialista Brasileiro (PSB). Em carta divulgada ao povo paraibano, o gestor afirma que&hellip; <\/p>\n","protected":false},"author":1,"featured_media":133386,"comment_status":"closed","ping_status":"closed","sticky":false,"template":"","format":"standard","meta":{"sfsi_plus_gutenberg_text_before_share":"","sfsi_plus_gutenberg_show_text_before_share":"","sfsi_plus_gutenberg_icon_type":"","sfsi_plus_gutenberg_icon_alignemt":"","sfsi_plus_gutenburg_max_per_row":"","footnotes":""},"categories":[50,11],"tags":[],"class_list":["post-139215","post","type-post","status-publish","format-standard","has-post-thumbnail","hentry","category-destaque","category-politica"],"_links":{"self":[{"href":"https:\/\/www.caririemacao.com\/1\/wp-json\/wp\/v2\/posts\/139215","targetHints":{"allow":["GET"]}}],"collection":[{"href":"https:\/\/www.caririemacao.com\/1\/wp-json\/wp\/v2\/posts"}],"about":[{"href":"https:\/\/www.caririemacao.com\/1\/wp-json\/wp\/v2\/types\/post"}],"author":[{"embeddable":true,"href":"https:\/\/www.caririemacao.com\/1\/wp-json\/wp\/v2\/users\/1"}],"replies":[{"embeddable":true,"href":"https:\/\/www.caririemacao.com\/1\/wp-json\/wp\/v2\/comments?post=139215"}],"version-history":[{"count":1,"href":"https:\/\/www.caririemacao.com\/1\/wp-json\/wp\/v2\/posts\/139215\/revisions"}],"predecessor-version":[{"id":139216,"href":"https:\/\/www.caririemacao.com\/1\/wp-json\/wp\/v2\/posts\/139215\/revisions\/139216"}],"wp:featuredmedia":[{"embeddable":true,"href":"https:\/\/www.caririemacao.com\/1\/wp-json\/wp\/v2\/media\/133386"}],"wp:attachment":[{"href":"https:\/\/www.caririemacao.com\/1\/wp-json\/wp\/v2\/media?parent=139215"}],"wp:term":[{"taxonomy":"category","embeddable":true,"href":"https:\/\/www.caririemacao.com\/1\/wp-json\/wp\/v2\/categories?post=139215"},{"taxonomy":"post_tag","embeddable":true,"href":"https:\/\/www.caririemacao.com\/1\/wp-json\/wp\/v2\/tags?post=139215"}],"curies":[{"name":"wp","href":"https:\/\/api.w.org\/{rel}","templated":true}]}}