{"id":139218,"date":"2019-12-03T12:42:29","date_gmt":"2019-12-03T15:42:29","guid":{"rendered":"http:\/\/www.caririemacao.com\/1\/?p=139218"},"modified":"2019-12-03T12:42:29","modified_gmt":"2019-12-03T15:42:29","slug":"ricardo-coutinho-chama-joao-azevedo-de-mentiroso-e-diz-que-foi-governador-quem-rompeu-com-ele","status":"publish","type":"post","link":"https:\/\/www.caririemacao.com\/1\/2019\/12\/03\/ricardo-coutinho-chama-joao-azevedo-de-mentiroso-e-diz-que-foi-governador-quem-rompeu-com-ele\/","title":{"rendered":"Ricardo Coutinho chama Jo\u00e3o Azev\u00eado de mentiroso e diz que foi governador quem rompeu com ele"},"content":{"rendered":"\n<p>\u201cPe\u00e7o desculpas por isso que est\u00e1 a\u00ed\u201d. Foi o que disse o ex-governador da Para\u00edba, Ricardo Coutinho, sobre ter indicado e apoiado o atual governador do Estado, Jo\u00e3o Azev\u00eado. Ricardo concedeu entrevista \u00e0 TV Master nesta segunda-feira (2).<\/p>\n\n\n\n<p>O ex-governador chamou Jo\u00e3o Azev\u00eado de mentiroso e disse que o rompimento partiu do pr\u00f3prio Jo\u00e3o. Segundo Ricardo, a crise no PSB vem desde o per\u00edodo eleitoral, em 2018, porque Jo\u00e3o Azev\u00eado teve medo de perder o governo para Ricardo nas elei\u00e7\u00f5es de 2022.<\/p>\n\n\n\n<p>\u201cQuem teve de gra\u00e7a um cargo de governador e n\u00e3o seria eleito nem vereador, teve medo de 2022. Se eu me apegasse a cargos, eu teria sido candidato ao Senado. O inimigo de quem governa passou a ser quem lhe deu o governo. Os militantes est\u00e3o sendo demitidos. N\u00e3o entendo o motivo desse \u00f3dio e porque alguns secret\u00e1rios que tocam o governo n\u00e3o conseguem ser recebidos\u201d, disse ele.<\/p>\n\n\n\n<p>Ricardo Coutinho negou que a crise tenha sido gerada pela dissolu\u00e7\u00e3o da executiva estadual do partido. Segundo ele, o antigo presidente do PSB na Para\u00edba, Edvaldo Rosas, n\u00e3o estava dando conta do recado e Jo\u00e3o n\u00e3o queria que o ex-governador presidisse o partido.<\/p>\n\n\n\n<p>O ex-governador ressaltou que n\u00e3o saiu candidato a senador nas elei\u00e7\u00f5es de 2018 a pedido de Jo\u00e3o, para apoi\u00e1-lo na campanha. &#8220;Ele disse que se eu sa\u00edsse do governo, com dois meses ele n\u00e3o sustentaria, porque L\u00edgia [Feliciano, vice-governadora] iria engoli-lo, palavras dele&#8221;, disse Ricardo.<\/p>\n","protected":false},"excerpt":{"rendered":"<p>\u201cPe\u00e7o desculpas por isso que est\u00e1 a\u00ed\u201d. Foi o que disse o ex-governador da Para\u00edba, Ricardo Coutinho, sobre ter indicado e apoiado o atual governador&hellip; <\/p>\n","protected":false},"author":1,"featured_media":128144,"comment_status":"closed","ping_status":"closed","sticky":false,"template":"","format":"standard","meta":{"sfsi_plus_gutenberg_text_before_share":"","sfsi_plus_gutenberg_show_text_before_share":"","sfsi_plus_gutenberg_icon_type":"","sfsi_plus_gutenberg_icon_alignemt":"","sfsi_plus_gutenburg_max_per_row":"","footnotes":""},"categories":[11],"tags":[],"class_list":["post-139218","post","type-post","status-publish","format-standard","has-post-thumbnail","hentry","category-politica"],"_links":{"self":[{"href":"https:\/\/www.caririemacao.com\/1\/wp-json\/wp\/v2\/posts\/139218","targetHints":{"allow":["GET"]}}],"collection":[{"href":"https:\/\/www.caririemacao.com\/1\/wp-json\/wp\/v2\/posts"}],"about":[{"href":"https:\/\/www.caririemacao.com\/1\/wp-json\/wp\/v2\/types\/post"}],"author":[{"embeddable":true,"href":"https:\/\/www.caririemacao.com\/1\/wp-json\/wp\/v2\/users\/1"}],"replies":[{"embeddable":true,"href":"https:\/\/www.caririemacao.com\/1\/wp-json\/wp\/v2\/comments?post=139218"}],"version-history":[{"count":1,"href":"https:\/\/www.caririemacao.com\/1\/wp-json\/wp\/v2\/posts\/139218\/revisions"}],"predecessor-version":[{"id":139219,"href":"https:\/\/www.caririemacao.com\/1\/wp-json\/wp\/v2\/posts\/139218\/revisions\/139219"}],"wp:featuredmedia":[{"embeddable":true,"href":"https:\/\/www.caririemacao.com\/1\/wp-json\/wp\/v2\/media\/128144"}],"wp:attachment":[{"href":"https:\/\/www.caririemacao.com\/1\/wp-json\/wp\/v2\/media?parent=139218"}],"wp:term":[{"taxonomy":"category","embeddable":true,"href":"https:\/\/www.caririemacao.com\/1\/wp-json\/wp\/v2\/categories?post=139218"},{"taxonomy":"post_tag","embeddable":true,"href":"https:\/\/www.caririemacao.com\/1\/wp-json\/wp\/v2\/tags?post=139218"}],"curies":[{"name":"wp","href":"https:\/\/api.w.org\/{rel}","templated":true}]}}