{"id":139221,"date":"2019-12-03T12:59:53","date_gmt":"2019-12-03T15:59:53","guid":{"rendered":"http:\/\/www.caririemacao.com\/1\/?p=139221"},"modified":"2019-12-03T12:59:53","modified_gmt":"2019-12-03T15:59:53","slug":"prefeitura-de-prata-investe-na-decoracao-natalina-da-cidade","status":"publish","type":"post","link":"https:\/\/www.caririemacao.com\/1\/2019\/12\/03\/prefeitura-de-prata-investe-na-decoracao-natalina-da-cidade\/","title":{"rendered":"Prefeitura de Prata investe na decora\u00e7\u00e3o natalina da cidade"},"content":{"rendered":"\n<p>Com decora\u00e7\u00e3o natalina no centro da cidade , a cidade de\u00a0 Prata est\u00e1 pronta para celebrar a magia do Natal.<br>\u201cQuero aproveitar e agradecer o empenho da equipe da Prefeitura pelo bel\u00edssimo trabalho\u201d, destacou a prefeito\u00a0 J\u00fanior N\u00f3brega<br>O prefeito ainda destacou que o per\u00edodo natalino desperta bons sentimentos, que renovam os \u00e2nimos.\u00a0<br>&#8220;Desejamos que nossa cidade esteja bem bonita para comemorar esse momento especial: o nascimento do nosso Senhor Jesus. Avan\u00e7amos muito em 2019 e os resultados dos nossos esfor\u00e7os podem ser vistos nas ruas de nossa cidade, especialmente com obras de urbaniza\u00e7\u00e3o e infraestrutura&#8221;, afirmou o prefeito Junior N\u00f3brega.<br><\/p>\n\n\n\n<p>Com Andr\u00e9 Luiz <\/p>\n","protected":false},"excerpt":{"rendered":"<p>Com decora\u00e7\u00e3o natalina no centro da cidade , a cidade de\u00a0 Prata est\u00e1 pronta para celebrar a magia do Natal.\u201cQuero aproveitar e agradecer o empenho&hellip; <\/p>\n","protected":false},"author":1,"featured_media":139222,"comment_status":"closed","ping_status":"closed","sticky":false,"template":"","format":"standard","meta":{"sfsi_plus_gutenberg_text_before_share":"","sfsi_plus_gutenberg_show_text_before_share":"","sfsi_plus_gutenberg_icon_type":"","sfsi_plus_gutenberg_icon_alignemt":"","sfsi_plus_gutenburg_max_per_row":"","footnotes":""},"categories":[6],"tags":[],"class_list":["post-139221","post","type-post","status-publish","format-standard","has-post-thumbnail","hentry","category-cidades"],"_links":{"self":[{"href":"https:\/\/www.caririemacao.com\/1\/wp-json\/wp\/v2\/posts\/139221","targetHints":{"allow":["GET"]}}],"collection":[{"href":"https:\/\/www.caririemacao.com\/1\/wp-json\/wp\/v2\/posts"}],"about":[{"href":"https:\/\/www.caririemacao.com\/1\/wp-json\/wp\/v2\/types\/post"}],"author":[{"embeddable":true,"href":"https:\/\/www.caririemacao.com\/1\/wp-json\/wp\/v2\/users\/1"}],"replies":[{"embeddable":true,"href":"https:\/\/www.caririemacao.com\/1\/wp-json\/wp\/v2\/comments?post=139221"}],"version-history":[{"count":1,"href":"https:\/\/www.caririemacao.com\/1\/wp-json\/wp\/v2\/posts\/139221\/revisions"}],"predecessor-version":[{"id":139223,"href":"https:\/\/www.caririemacao.com\/1\/wp-json\/wp\/v2\/posts\/139221\/revisions\/139223"}],"wp:featuredmedia":[{"embeddable":true,"href":"https:\/\/www.caririemacao.com\/1\/wp-json\/wp\/v2\/media\/139222"}],"wp:attachment":[{"href":"https:\/\/www.caririemacao.com\/1\/wp-json\/wp\/v2\/media?parent=139221"}],"wp:term":[{"taxonomy":"category","embeddable":true,"href":"https:\/\/www.caririemacao.com\/1\/wp-json\/wp\/v2\/categories?post=139221"},{"taxonomy":"post_tag","embeddable":true,"href":"https:\/\/www.caririemacao.com\/1\/wp-json\/wp\/v2\/tags?post=139221"}],"curies":[{"name":"wp","href":"https:\/\/api.w.org\/{rel}","templated":true}]}}