{"id":139228,"date":"2019-12-03T13:02:09","date_gmt":"2019-12-03T16:02:09","guid":{"rendered":"http:\/\/www.caririemacao.com\/1\/?p=139228"},"modified":"2019-12-03T13:02:09","modified_gmt":"2019-12-03T16:02:09","slug":"sobe-cada-vez-mais-o-preco-da-carne-bovina-e-suina-afirma-economista","status":"publish","type":"post","link":"https:\/\/www.caririemacao.com\/1\/2019\/12\/03\/sobe-cada-vez-mais-o-preco-da-carne-bovina-e-suina-afirma-economista\/","title":{"rendered":"Sobe cada vez mais o pre\u00e7o da carne bovina e su\u00edna, afirma economista"},"content":{"rendered":"\n<p>O Mercado e Cota\u00e7\u00f5es desta ter\u00e7a-feira (03) fala com o professor&nbsp;<strong>Argemiro Brum<\/strong>, da&nbsp;Universidade Regional do Noroeste do Estado do Rio Grande do Sul (<a href=\"https:\/\/www.unijui.edu.br\/\" target=\"_blank\" rel=\"noreferrer noopener\">Uniju\u00ed<\/a>), apresenta o cen\u00e1rio&nbsp;dos principais produtos agr\u00edcolas.<\/p>\n\n\n\n<p>Quanto ao arroz, o professor afirma que at\u00e9 a ultima semana de novembro o plantio chegou a 84% da \u00e1rea. A \u00e1rea&nbsp;estimada&nbsp;em 5% menor do que em 2019. A m\u00e9dia ga\u00facha do arroz foi de R$ 47,50 por saco de 50 kg.&nbsp;<\/p>\n\n\n\n<p>Para o&nbsp;feij\u00e3o, tamb\u00e9m teve estimativa de redu\u00e7\u00e3o de \u00e1rea de cultivo, mas se espera uma produ\u00e7\u00e3o superior a&nbsp;ocorrida na safra anterior.&nbsp;&nbsp;O feij\u00e3o preto ficou com pre\u00e7os mais competitivos, fechando entre R$ 155 e&nbsp;R$ 180, nas principais pra\u00e7as.<\/p>\n\n\n\n<p>O professor ainda apresentou o mercado do milho, soja e das carnes.<\/p>\n\n\n\n<p>Argemiro afirma que&nbsp;o pre\u00e7o das carnes bovina e su\u00edna est\u00e3o subindo&nbsp;cada vez mais devido \u00e0s festas de fim de ano. Em S\u00e3o Paulo, a&nbsp;arroba do boi gordo fechou em R$ 226,50.<\/p>\n","protected":false},"excerpt":{"rendered":"<p>O Mercado e Cota\u00e7\u00f5es desta ter\u00e7a-feira (03) fala com o professor&nbsp;Argemiro Brum, da&nbsp;Universidade Regional do Noroeste do Estado do Rio Grande do Sul (Uniju\u00ed), apresenta&hellip; <\/p>\n","protected":false},"author":1,"featured_media":22461,"comment_status":"closed","ping_status":"closed","sticky":false,"template":"","format":"standard","meta":{"sfsi_plus_gutenberg_text_before_share":"","sfsi_plus_gutenberg_show_text_before_share":"","sfsi_plus_gutenberg_icon_type":"","sfsi_plus_gutenberg_icon_alignemt":"","sfsi_plus_gutenburg_max_per_row":"","footnotes":""},"categories":[2],"tags":[],"class_list":["post-139228","post","type-post","status-publish","format-standard","has-post-thumbnail","hentry","category-geral"],"_links":{"self":[{"href":"https:\/\/www.caririemacao.com\/1\/wp-json\/wp\/v2\/posts\/139228","targetHints":{"allow":["GET"]}}],"collection":[{"href":"https:\/\/www.caririemacao.com\/1\/wp-json\/wp\/v2\/posts"}],"about":[{"href":"https:\/\/www.caririemacao.com\/1\/wp-json\/wp\/v2\/types\/post"}],"author":[{"embeddable":true,"href":"https:\/\/www.caririemacao.com\/1\/wp-json\/wp\/v2\/users\/1"}],"replies":[{"embeddable":true,"href":"https:\/\/www.caririemacao.com\/1\/wp-json\/wp\/v2\/comments?post=139228"}],"version-history":[{"count":1,"href":"https:\/\/www.caririemacao.com\/1\/wp-json\/wp\/v2\/posts\/139228\/revisions"}],"predecessor-version":[{"id":139229,"href":"https:\/\/www.caririemacao.com\/1\/wp-json\/wp\/v2\/posts\/139228\/revisions\/139229"}],"wp:featuredmedia":[{"embeddable":true,"href":"https:\/\/www.caririemacao.com\/1\/wp-json\/wp\/v2\/media\/22461"}],"wp:attachment":[{"href":"https:\/\/www.caririemacao.com\/1\/wp-json\/wp\/v2\/media?parent=139228"}],"wp:term":[{"taxonomy":"category","embeddable":true,"href":"https:\/\/www.caririemacao.com\/1\/wp-json\/wp\/v2\/categories?post=139228"},{"taxonomy":"post_tag","embeddable":true,"href":"https:\/\/www.caririemacao.com\/1\/wp-json\/wp\/v2\/tags?post=139228"}],"curies":[{"name":"wp","href":"https:\/\/api.w.org\/{rel}","templated":true}]}}