{"id":139234,"date":"2019-12-03T13:04:51","date_gmt":"2019-12-03T16:04:51","guid":{"rendered":"http:\/\/www.caririemacao.com\/1\/?p=139234"},"modified":"2019-12-03T13:04:51","modified_gmt":"2019-12-03T16:04:51","slug":"brasileiro-participa-da-descoberta-de-nova-especie-de-reptil-voador","status":"publish","type":"post","link":"https:\/\/www.caririemacao.com\/1\/2019\/12\/03\/brasileiro-participa-da-descoberta-de-nova-especie-de-reptil-voador\/","title":{"rendered":"Brasileiro participa da descoberta de nova esp\u00e9cie de r\u00e9ptil voador"},"content":{"rendered":"\n<p>O diretor do Museu Nacional, Alexander Kellner, \u00e9 um dos autores do artigo que anunciou hoje (29) a descoberta, no L\u00edbano, de uma nova esp\u00e9cie de r\u00e9ptil voador: o pterossauro, o primeiro grupo de vertebrados a desenvolverem o voo ativo. A nova esp\u00e9cie recebeu o nome de Mimodactylus, em alus\u00e3o ao Mineral Museum, Saint Joseph\u2019s University em Beirute, no L\u00edbano, institui\u00e7\u00e3o onde o material est\u00e1 guardado atualmente.<\/p>\n\n\n\n<p>Junto ao nome do museu, foi acrescido dactylus, que em grego significa d\u00edgito e a esp\u00e9cie libanensis, em homenagem ao L\u00edbano, pa\u00eds onde o exemplar foi encontrado. O Mimodactylus pertence a um novo grupo denominado Mimodactylidae, que re\u00fane al\u00e9m de Mimodactylus, o chin\u00eas Haopterus gracilis.<\/p>\n\n\n\n<p>Conforme o estudo dos pesquisadores, a nova esp\u00e9cie tinha cerca de 1 metro e 32 cm de uma ponta a outra das asas. O focinho era comparativamente largo e os dentes espa\u00e7ados e pontiagudos.<\/p>\n\n\n\n<p>O diretor revelou \u00e0&nbsp;<strong>Ag\u00eancia Brasil<\/strong>, que ap\u00f3s ter sido encontrada por um liban\u00eas, a pe\u00e7a foi levada para o professor Michael Caldwell, da University of Alberta, no Canad\u00e1, que o convidou para participar da pesquisa. Caldwell \u00e9 o segundo autor do artigo. Kellner disse que coordenou a pesquisa e fez a discri\u00e7\u00e3o desse material.<\/p>\n\n\n\n<p>O f\u00f3ssil foi encontrado entre rochas formadas h\u00e1 aproximadamente 95 milh\u00f5es de anos, durante o Cenomaniano. Na \u00e9poca, o L\u00edbano fazia parte de um imenso continente reunindo tamb\u00e9m a pen\u00ednsula ar\u00e1bica e a \u00c1frica. No aspecto cient\u00edfico, de acordo com Kellner, esse animal \u00e9 o mais completo de uma regi\u00e3o que tem poucos r\u00e9pteis voadores. \u201cEle \u00e9 completo, tem um cr\u00e2nio, tem absolutamente todas as partes, o que a gente at\u00e9 agora nunca tinha encontrado\u201d, contou na entrevista.<\/p>\n\n\n\n<p>O diretor acrescentou que o animal pertence a um novo grupo e tem denti\u00e7\u00e3o caracter\u00edstica, que poderia ser usada para se alimentar de insetos ou de crust\u00e1ceos, o que acabou registrado no artigo. \u201cA gente optou por crust\u00e1ceos, porque este animal \u00e9 bem largo na frente do seu bico, o que o diferencia de todos os outros pterossauros\u201d, completou.<\/p>\n\n\n\n<p>Para o pesquisador, a descoberta mostra que a ci\u00eancia ainda est\u00e1 engatinhando no estudo dos r\u00e9pteis alados, que h\u00e1 milh\u00f5es de anos povoavam esse peda\u00e7o do mundo. \u201cEsse animal viveu 95 milh\u00f5es de anos quando aquela regi\u00e3o toda era um arquip\u00e9lago com v\u00e1rias ilhas das quais essa parte do L\u00edbano era uma delas\u201d, afirmou.<\/p>\n\n\n\n<p>O artigo tem participa\u00e7\u00e3o de pesquisadores de v\u00e1rios pa\u00edses, sendo que tr\u00eas s\u00e3o do Museu Nacional. Al\u00e9m do diretor, \u00e9 assinado pelo aluno espanhol de doutorado do Programa de P\u00f3s-gradu\u00e7\u00e3o em Zoologia do Museu Nacional, Borja Holgado e pela paleont\u00f3loga e pesquisadora da Universidade Federal de Pernambuco e colaboradora do Museu Nacional, Juliana Say\u00e3o.<\/p>\n\n\n\n<h2 class=\"wp-block-heading\">Museu Nacional<\/h2>\n\n\n\n<p>Na vis\u00e3o de Kelnner, a descoberta demonstra tamb\u00e9m que o Museu Nacional est\u00e1 vivo nas pesquisas com refer\u00eancias mundiais. Ele revelou ainda que vai permanecer nas pesquisas que vir\u00e3o em seguida para novas descobertas. \u201cO Museu Nacional, apesar de toda a trag\u00e9dia [do inc\u00eandio], continua podendo gerar conhecimento. \u00c9 uma revista importante do grupo Nature envolve uma pesquisa com todas as pessoas identificadas. A gente tem esperan\u00e7a que no futuro com as novas exposi\u00e7\u00f5es, tenha um desses animais em vida nas nossas exposi\u00e7\u00f5es\u201d, concluiu.<\/p>\n","protected":false},"excerpt":{"rendered":"<p>O diretor do Museu Nacional, Alexander Kellner, \u00e9 um dos autores do artigo que anunciou hoje (29) a descoberta, no L\u00edbano, de uma nova esp\u00e9cie&hellip; <\/p>\n","protected":false},"author":1,"featured_media":139235,"comment_status":"closed","ping_status":"closed","sticky":false,"template":"","format":"standard","meta":{"sfsi_plus_gutenberg_text_before_share":"","sfsi_plus_gutenberg_show_text_before_share":"","sfsi_plus_gutenberg_icon_type":"","sfsi_plus_gutenberg_icon_alignemt":"","sfsi_plus_gutenburg_max_per_row":"","footnotes":""},"categories":[2],"tags":[],"class_list":["post-139234","post","type-post","status-publish","format-standard","has-post-thumbnail","hentry","category-geral"],"_links":{"self":[{"href":"https:\/\/www.caririemacao.com\/1\/wp-json\/wp\/v2\/posts\/139234","targetHints":{"allow":["GET"]}}],"collection":[{"href":"https:\/\/www.caririemacao.com\/1\/wp-json\/wp\/v2\/posts"}],"about":[{"href":"https:\/\/www.caririemacao.com\/1\/wp-json\/wp\/v2\/types\/post"}],"author":[{"embeddable":true,"href":"https:\/\/www.caririemacao.com\/1\/wp-json\/wp\/v2\/users\/1"}],"replies":[{"embeddable":true,"href":"https:\/\/www.caririemacao.com\/1\/wp-json\/wp\/v2\/comments?post=139234"}],"version-history":[{"count":1,"href":"https:\/\/www.caririemacao.com\/1\/wp-json\/wp\/v2\/posts\/139234\/revisions"}],"predecessor-version":[{"id":139236,"href":"https:\/\/www.caririemacao.com\/1\/wp-json\/wp\/v2\/posts\/139234\/revisions\/139236"}],"wp:featuredmedia":[{"embeddable":true,"href":"https:\/\/www.caririemacao.com\/1\/wp-json\/wp\/v2\/media\/139235"}],"wp:attachment":[{"href":"https:\/\/www.caririemacao.com\/1\/wp-json\/wp\/v2\/media?parent=139234"}],"wp:term":[{"taxonomy":"category","embeddable":true,"href":"https:\/\/www.caririemacao.com\/1\/wp-json\/wp\/v2\/categories?post=139234"},{"taxonomy":"post_tag","embeddable":true,"href":"https:\/\/www.caririemacao.com\/1\/wp-json\/wp\/v2\/tags?post=139234"}],"curies":[{"name":"wp","href":"https:\/\/api.w.org\/{rel}","templated":true}]}}