{"id":139244,"date":"2019-12-03T13:11:13","date_gmt":"2019-12-03T16:11:13","guid":{"rendered":"http:\/\/www.caririemacao.com\/1\/?p=139244"},"modified":"2019-12-03T13:11:13","modified_gmt":"2019-12-03T16:11:13","slug":"casos-de-hiv-crescem-no-brasil-saiba-onde-fazer-o-teste","status":"publish","type":"post","link":"https:\/\/www.caririemacao.com\/1\/2019\/12\/03\/casos-de-hiv-crescem-no-brasil-saiba-onde-fazer-o-teste\/","title":{"rendered":"Casos de HIV crescem no Brasil. Saiba onde fazer o teste"},"content":{"rendered":"\n<p>Se voc\u00ea teve algum comportamento de risco, sofreu algum acidente ocupacional ou nunca realizou o exame de HIV, fa\u00e7a j\u00e1 o teste. Em qualquer Unidade de Aten\u00e7\u00e3o B\u00e1sica de Sa\u00fade situada no estado da Para\u00edba \u00e9 poss\u00edvel obter um diagn\u00f3stico.<\/p>\n\n\n\n<p>Foi o que afirmou Tha\u00eds Matos, diretora-geral do Complexo Hospitalar de Doen\u00e7as Infecto-Contagiosas Dr. Clementino Fraga, unidade de refer\u00eancia no tratamento da doen\u00e7a e que est\u00e1 formalmente vinculada \u00e0 Secretaria de Estado da Sa\u00fade.<\/p>\n\n\n\n<p>Com o aumento de casos no pa\u00eds, o tema virou preocupa\u00e7\u00e3o nacional. Com o objetivo de buscar sensibilizar \u00e0 popula\u00e7\u00e3o com a preven\u00e7\u00e3o e o tratamento do HIV, da Aids e de outras doen\u00e7as sexualmente transmiss\u00edveis, acontece neste m\u00eas a campanha \u201cDezembro Vermelho\u201d.<\/p>\n\n\n\n<p>HIV \u00e9 a sigla em ingl\u00eas do v\u00edrus da imunodefici\u00eancia humana. Causador da Aids, ataca o sistema imunol\u00f3gico, respons\u00e1vel por defender o organismo de doen\u00e7as. N\u00e3o tem cura, mas quanto mais cedo for diagnosticado, mais chance h\u00e1 de control\u00e1-lo.<\/p>\n\n\n\n<p>A especialista reconhece, no entanto, que muitos fatores inibem a busca pelo diagn\u00f3stico. Um deles \u00e9 o sentimento de vergonha.<\/p>\n\n\n\n<p>Com isso, explicou, muitas pessoas s\u00f3 descobrem que tem HIV\/Aids quando s\u00e3o internadas nos hospitais por motivos diversos.<\/p>\n\n\n\n<p>Homens jovens, que est\u00e3o na faixa et\u00e1ria de 20 a 39 anos, h\u00e9teros. Esse \u00e9 o grupo mais afetado.<\/p>\n\n\n\n<p>No lan\u00e7amento nacional da campanha, o ministro da Sa\u00fade Luiz Henrique Mandetta afirmou: \u201c\u00c9 com essa popula\u00e7\u00e3o que precisamos trabalhar prioritariamente\u201d.<\/p>\n\n\n\n<p>No Brasil, o Minist\u00e9rio da Sa\u00fade informou que das 900 mil pessoas com HIV, 766 mil foram diagnosticadas, 594 mil fazem tratamento com antirretroviral e 554 mil n\u00e3o transmitem o HIV. Estima-se ainda 135 mil pessoas convivem com o v\u00edrus e n\u00e3o sabem.<\/p>\n\n\n\n<p>Nas Para\u00edba, a especialista informou que sete mil e 132 pessoas est\u00e3o fazendo o tratamento.<\/p>\n\n\n\n<p>Com informa\u00e7\u00f5es da Correio FM e da Ag\u00eancia Brasil.<\/p>\n","protected":false},"excerpt":{"rendered":"<p>Se voc\u00ea teve algum comportamento de risco, sofreu algum acidente ocupacional ou nunca realizou o exame de HIV, fa\u00e7a j\u00e1 o teste. Em qualquer Unidade&hellip; <\/p>\n","protected":false},"author":1,"featured_media":54846,"comment_status":"closed","ping_status":"closed","sticky":false,"template":"","format":"standard","meta":{"sfsi_plus_gutenberg_text_before_share":"","sfsi_plus_gutenberg_show_text_before_share":"","sfsi_plus_gutenberg_icon_type":"","sfsi_plus_gutenberg_icon_alignemt":"","sfsi_plus_gutenburg_max_per_row":"","footnotes":""},"categories":[16],"tags":[],"class_list":["post-139244","post","type-post","status-publish","format-standard","has-post-thumbnail","hentry","category-saude"],"_links":{"self":[{"href":"https:\/\/www.caririemacao.com\/1\/wp-json\/wp\/v2\/posts\/139244","targetHints":{"allow":["GET"]}}],"collection":[{"href":"https:\/\/www.caririemacao.com\/1\/wp-json\/wp\/v2\/posts"}],"about":[{"href":"https:\/\/www.caririemacao.com\/1\/wp-json\/wp\/v2\/types\/post"}],"author":[{"embeddable":true,"href":"https:\/\/www.caririemacao.com\/1\/wp-json\/wp\/v2\/users\/1"}],"replies":[{"embeddable":true,"href":"https:\/\/www.caririemacao.com\/1\/wp-json\/wp\/v2\/comments?post=139244"}],"version-history":[{"count":1,"href":"https:\/\/www.caririemacao.com\/1\/wp-json\/wp\/v2\/posts\/139244\/revisions"}],"predecessor-version":[{"id":139245,"href":"https:\/\/www.caririemacao.com\/1\/wp-json\/wp\/v2\/posts\/139244\/revisions\/139245"}],"wp:featuredmedia":[{"embeddable":true,"href":"https:\/\/www.caririemacao.com\/1\/wp-json\/wp\/v2\/media\/54846"}],"wp:attachment":[{"href":"https:\/\/www.caririemacao.com\/1\/wp-json\/wp\/v2\/media?parent=139244"}],"wp:term":[{"taxonomy":"category","embeddable":true,"href":"https:\/\/www.caririemacao.com\/1\/wp-json\/wp\/v2\/categories?post=139244"},{"taxonomy":"post_tag","embeddable":true,"href":"https:\/\/www.caririemacao.com\/1\/wp-json\/wp\/v2\/tags?post=139244"}],"curies":[{"name":"wp","href":"https:\/\/api.w.org\/{rel}","templated":true}]}}