{"id":139249,"date":"2019-12-03T13:13:47","date_gmt":"2019-12-03T16:13:47","guid":{"rendered":"http:\/\/www.caririemacao.com\/1\/?p=139249"},"modified":"2019-12-03T13:13:47","modified_gmt":"2019-12-03T16:13:47","slug":"adriano-galdino-joao-esta-tomando-a-decisao-certa","status":"publish","type":"post","link":"https:\/\/www.caririemacao.com\/1\/2019\/12\/03\/adriano-galdino-joao-esta-tomando-a-decisao-certa\/","title":{"rendered":"Adriano Galdino: \u201cJo\u00e3o est\u00e1 tomando a decis\u00e3o certa\u201d"},"content":{"rendered":"\n<p>O presidente da Assembleia Legislativa da Para\u00edba (ALPB), Adriano Galdino (PSB), afirmou, em contato com o Portal MaisPB, que a decis\u00e3o do governador Jo\u00e3o Azev\u00eado (PSB), em deixar o PSB, foi \u201cacertada\u201d.<\/p>\n\n\n\n<p>\u201cIsso \u00e9 normal e compreens\u00edvel, por tudo que est\u00e1 se passando. Ele est\u00e1 tomando a decis\u00e3o certa\u201d, disse.<\/p>\n\n\n\n<p><strong>Jo\u00e3o Azev\u00eado deixa o PSB<\/strong><\/p>\n\n\n\n<p>O governador Jo\u00e3o Azev\u00eado&nbsp;<strong><a href=\"https:\/\/www.maispb.com.br\/429992\/joao-azevedo-anuncia-desfiliacao-do-psb-em-busca-da-democracia-perdida.html\">anunciou a desfilia\u00e7\u00e3o do Partido Socialista Brasileiro (PSB)<\/a><\/strong>. Em carta divulgada ao povo paraibano, o gestor afirma que chegou a aguardar o restabelecimento do di\u00e1logo no PSB, mas, diante da falta de qualquer atitude de autocr\u00edtica depois da interven\u00e7\u00e3o no Diret\u00f3rio Estadual, sai da legenda \u201cem busca da democracia perdida\u201d.<\/p>\n\n\n\n<p><strong>MaisPB<\/strong><\/p>\n","protected":false},"excerpt":{"rendered":"<p>O presidente da Assembleia Legislativa da Para\u00edba (ALPB), Adriano Galdino (PSB), afirmou, em contato com o Portal MaisPB, que a decis\u00e3o do governador Jo\u00e3o Azev\u00eado&hellip; <\/p>\n","protected":false},"author":1,"featured_media":95029,"comment_status":"closed","ping_status":"closed","sticky":false,"template":"","format":"standard","meta":{"sfsi_plus_gutenberg_text_before_share":"","sfsi_plus_gutenberg_show_text_before_share":"","sfsi_plus_gutenberg_icon_type":"","sfsi_plus_gutenberg_icon_alignemt":"","sfsi_plus_gutenburg_max_per_row":"","footnotes":""},"categories":[11],"tags":[],"class_list":["post-139249","post","type-post","status-publish","format-standard","has-post-thumbnail","hentry","category-politica"],"_links":{"self":[{"href":"https:\/\/www.caririemacao.com\/1\/wp-json\/wp\/v2\/posts\/139249","targetHints":{"allow":["GET"]}}],"collection":[{"href":"https:\/\/www.caririemacao.com\/1\/wp-json\/wp\/v2\/posts"}],"about":[{"href":"https:\/\/www.caririemacao.com\/1\/wp-json\/wp\/v2\/types\/post"}],"author":[{"embeddable":true,"href":"https:\/\/www.caririemacao.com\/1\/wp-json\/wp\/v2\/users\/1"}],"replies":[{"embeddable":true,"href":"https:\/\/www.caririemacao.com\/1\/wp-json\/wp\/v2\/comments?post=139249"}],"version-history":[{"count":1,"href":"https:\/\/www.caririemacao.com\/1\/wp-json\/wp\/v2\/posts\/139249\/revisions"}],"predecessor-version":[{"id":139250,"href":"https:\/\/www.caririemacao.com\/1\/wp-json\/wp\/v2\/posts\/139249\/revisions\/139250"}],"wp:featuredmedia":[{"embeddable":true,"href":"https:\/\/www.caririemacao.com\/1\/wp-json\/wp\/v2\/media\/95029"}],"wp:attachment":[{"href":"https:\/\/www.caririemacao.com\/1\/wp-json\/wp\/v2\/media?parent=139249"}],"wp:term":[{"taxonomy":"category","embeddable":true,"href":"https:\/\/www.caririemacao.com\/1\/wp-json\/wp\/v2\/categories?post=139249"},{"taxonomy":"post_tag","embeddable":true,"href":"https:\/\/www.caririemacao.com\/1\/wp-json\/wp\/v2\/tags?post=139249"}],"curies":[{"name":"wp","href":"https:\/\/api.w.org\/{rel}","templated":true}]}}