{"id":139263,"date":"2019-12-03T13:25:13","date_gmt":"2019-12-03T16:25:13","guid":{"rendered":"http:\/\/www.caririemacao.com\/1\/?p=139263"},"modified":"2019-12-03T13:25:13","modified_gmt":"2019-12-03T16:25:13","slug":"apos-repercussao-negativa-michel-henrique-e-exonerado-da-camara-de-joao-pessoa","status":"publish","type":"post","link":"https:\/\/www.caririemacao.com\/1\/2019\/12\/03\/apos-repercussao-negativa-michel-henrique-e-exonerado-da-camara-de-joao-pessoa\/","title":{"rendered":"Ap\u00f3s repercuss\u00e3o negativa, Michel Henrique \u00e9 exonerado da C\u00e2mara de Jo\u00e3o Pessoa"},"content":{"rendered":"\n<p>Ap\u00f3s a repercuss\u00e3o negativa da informa\u00e7\u00e3o que dava conta que o filho do dos deputados Jo\u00e3o Henrique (estadual) e Edna Henrique (federal) e presidente estadual do PROS, Michel Henrique, recebia um sal\u00e1rio de maraj\u00e1 da C\u00e2mara de Jo\u00e3o Pessoa, o presidente da C\u00e2mara, Jo\u00e3o Corujinha, o exonerou do cargo de Assessor Especial da Mesa Diretora da CMJP, n\u00edvel DSAL-5, o mais alto de todos, onde ganhava um sal\u00e1rio mensal de R$ 14 mil, R$ 1 mil a menos que os vereadores.<br>A informa\u00e7\u00e3o foi divulgada no s\u00e1bado (30), nos sites da Capital, e ainda no mesmo s\u00e1bado, Jo\u00e3o Corujinha mandou publicar um ato no Seman\u00e1rio Oficial da Casa Napole\u00e3o Laureano com a exonera\u00e7\u00e3o de Michel Henrique e outros servidores comissionados.<br>VERS\u00c3O DO ADVOGADO<br>Em nota, o advogado Michel Henrique afirmou que cumpre com todas as obriga\u00e7\u00f5es, atribui\u00e7\u00f5es e responsabilidade que a fun\u00e7\u00e3o exige, assim como recebe os vencimentos compat\u00edveis com o encargo e sua forma\u00e7\u00e3o.<br>\u201cN\u00e3o h\u00e1 nenhuma irregularidade, por isso mesmo est\u00e1 publicado no portal da transpar\u00eancia\u201d, disse.<br>ENT\u00c3O POR QUE FOI EXONERADO????<\/p>\n\n\n\n<p><\/p>\n\n\n\n<p>BLOG FABIO BRITO<\/p>\n","protected":false},"excerpt":{"rendered":"<p>Ap\u00f3s a repercuss\u00e3o negativa da informa\u00e7\u00e3o que dava conta que o filho do dos deputados Jo\u00e3o Henrique (estadual) e Edna Henrique (federal) e presidente estadual&hellip; <\/p>\n","protected":false},"author":1,"featured_media":139024,"comment_status":"closed","ping_status":"closed","sticky":false,"template":"","format":"standard","meta":{"sfsi_plus_gutenberg_text_before_share":"","sfsi_plus_gutenberg_show_text_before_share":"","sfsi_plus_gutenberg_icon_type":"","sfsi_plus_gutenberg_icon_alignemt":"","sfsi_plus_gutenburg_max_per_row":"","footnotes":""},"categories":[2],"tags":[],"class_list":["post-139263","post","type-post","status-publish","format-standard","has-post-thumbnail","hentry","category-geral"],"_links":{"self":[{"href":"https:\/\/www.caririemacao.com\/1\/wp-json\/wp\/v2\/posts\/139263","targetHints":{"allow":["GET"]}}],"collection":[{"href":"https:\/\/www.caririemacao.com\/1\/wp-json\/wp\/v2\/posts"}],"about":[{"href":"https:\/\/www.caririemacao.com\/1\/wp-json\/wp\/v2\/types\/post"}],"author":[{"embeddable":true,"href":"https:\/\/www.caririemacao.com\/1\/wp-json\/wp\/v2\/users\/1"}],"replies":[{"embeddable":true,"href":"https:\/\/www.caririemacao.com\/1\/wp-json\/wp\/v2\/comments?post=139263"}],"version-history":[{"count":1,"href":"https:\/\/www.caririemacao.com\/1\/wp-json\/wp\/v2\/posts\/139263\/revisions"}],"predecessor-version":[{"id":139264,"href":"https:\/\/www.caririemacao.com\/1\/wp-json\/wp\/v2\/posts\/139263\/revisions\/139264"}],"wp:featuredmedia":[{"embeddable":true,"href":"https:\/\/www.caririemacao.com\/1\/wp-json\/wp\/v2\/media\/139024"}],"wp:attachment":[{"href":"https:\/\/www.caririemacao.com\/1\/wp-json\/wp\/v2\/media?parent=139263"}],"wp:term":[{"taxonomy":"category","embeddable":true,"href":"https:\/\/www.caririemacao.com\/1\/wp-json\/wp\/v2\/categories?post=139263"},{"taxonomy":"post_tag","embeddable":true,"href":"https:\/\/www.caririemacao.com\/1\/wp-json\/wp\/v2\/tags?post=139263"}],"curies":[{"name":"wp","href":"https:\/\/api.w.org\/{rel}","templated":true}]}}