{"id":139265,"date":"2019-12-03T14:53:09","date_gmt":"2019-12-03T17:53:09","guid":{"rendered":"http:\/\/www.caririemacao.com\/1\/?p=139265"},"modified":"2019-12-03T14:53:09","modified_gmt":"2019-12-03T17:53:09","slug":"ricardo-barbosa-segue-joao-e-confirma-saida-do-psb","status":"publish","type":"post","link":"https:\/\/www.caririemacao.com\/1\/2019\/12\/03\/ricardo-barbosa-segue-joao-e-confirma-saida-do-psb\/","title":{"rendered":"Ricardo Barbosa segue Jo\u00e3o e confirma sa\u00edda do PSB"},"content":{"rendered":"\n<p>O deputado estadual e l\u00edder do governo na Assembleia Legislativa da Para\u00edba, Ricardo Barbosa (PSB), confirmou que acompanha a decis\u00e3o do governador Jo\u00e3o Azev\u00eado (PSB) e que vai sair do PSB no momento correto.<\/p>\n\n\n\n<p>De acordo com o parlamentar a oficializa\u00e7\u00e3o ser\u00e1 na janela que permite a mudan\u00e7a de sigla sem qualquer preju\u00edzo e com a chancela da &nbsp;justi\u00e7a eleitoral.<\/p>\n\n\n\n<p>\u201cNuvens densas, mas estamos para acalmar as coisas e dar sequencia a esse projeto agora comandado por Jo\u00e3o. N\u00e3o tenho d\u00favida que Jo\u00e3o ficar\u00e1 marcado por executar um dos maiores governos de todos os tempos,\u201d frisou. &nbsp;<\/p>\n\n\n\n<p><strong>Resenha Politika<\/strong><\/p>\n","protected":false},"excerpt":{"rendered":"<p>O deputado estadual e l\u00edder do governo na Assembleia Legislativa da Para\u00edba, Ricardo Barbosa (PSB), confirmou que acompanha a decis\u00e3o do governador Jo\u00e3o Azev\u00eado (PSB)&hellip; <\/p>\n","protected":false},"author":1,"featured_media":79710,"comment_status":"closed","ping_status":"closed","sticky":false,"template":"","format":"standard","meta":{"sfsi_plus_gutenberg_text_before_share":"","sfsi_plus_gutenberg_show_text_before_share":"","sfsi_plus_gutenberg_icon_type":"","sfsi_plus_gutenberg_icon_alignemt":"","sfsi_plus_gutenburg_max_per_row":"","footnotes":""},"categories":[11],"tags":[],"class_list":["post-139265","post","type-post","status-publish","format-standard","has-post-thumbnail","hentry","category-politica"],"_links":{"self":[{"href":"https:\/\/www.caririemacao.com\/1\/wp-json\/wp\/v2\/posts\/139265","targetHints":{"allow":["GET"]}}],"collection":[{"href":"https:\/\/www.caririemacao.com\/1\/wp-json\/wp\/v2\/posts"}],"about":[{"href":"https:\/\/www.caririemacao.com\/1\/wp-json\/wp\/v2\/types\/post"}],"author":[{"embeddable":true,"href":"https:\/\/www.caririemacao.com\/1\/wp-json\/wp\/v2\/users\/1"}],"replies":[{"embeddable":true,"href":"https:\/\/www.caririemacao.com\/1\/wp-json\/wp\/v2\/comments?post=139265"}],"version-history":[{"count":1,"href":"https:\/\/www.caririemacao.com\/1\/wp-json\/wp\/v2\/posts\/139265\/revisions"}],"predecessor-version":[{"id":139273,"href":"https:\/\/www.caririemacao.com\/1\/wp-json\/wp\/v2\/posts\/139265\/revisions\/139273"}],"wp:featuredmedia":[{"embeddable":true,"href":"https:\/\/www.caririemacao.com\/1\/wp-json\/wp\/v2\/media\/79710"}],"wp:attachment":[{"href":"https:\/\/www.caririemacao.com\/1\/wp-json\/wp\/v2\/media?parent=139265"}],"wp:term":[{"taxonomy":"category","embeddable":true,"href":"https:\/\/www.caririemacao.com\/1\/wp-json\/wp\/v2\/categories?post=139265"},{"taxonomy":"post_tag","embeddable":true,"href":"https:\/\/www.caririemacao.com\/1\/wp-json\/wp\/v2\/tags?post=139265"}],"curies":[{"name":"wp","href":"https:\/\/api.w.org\/{rel}","templated":true}]}}