{"id":139266,"date":"2019-12-03T13:46:21","date_gmt":"2019-12-03T16:46:21","guid":{"rendered":"http:\/\/www.caririemacao.com\/1\/?p=139266"},"modified":"2019-12-03T13:46:21","modified_gmt":"2019-12-03T16:46:21","slug":"prefeitura-de-sume-lanca-edital-de-chamamento-para-lojas-e-restaurantes-do-shopping","status":"publish","type":"post","link":"https:\/\/www.caririemacao.com\/1\/2019\/12\/03\/prefeitura-de-sume-lanca-edital-de-chamamento-para-lojas-e-restaurantes-do-shopping\/","title":{"rendered":"Prefeitura de Sum\u00e9 lan\u00e7a Edital de Chamamento para lojas e restaurantes do Shopping"},"content":{"rendered":"\n<p><a href=\"http:\/\/www.sume.pb.gov.br\/wp-content\/uploads\/2019\/12\/68ce8599-1de1-4d20-b0e0-6828c7c62a67.jpg\"><br><\/a><\/p>\n\n\n\n<figure class=\"wp-block-image\"><a href=\"http:\/\/www.sume.pb.gov.br\/wp-content\/uploads\/2019\/12\/ba979971-d74e-4411-9c39-c48a8a762983.jpg\"><img decoding=\"async\" data-src=\"http:\/\/www.sume.pb.gov.br\/wp-content\/uploads\/2019\/12\/ba979971-d74e-4411-9c39-c48a8a762983-300x225.jpg\" alt=\"\" src=\"data:image\/svg+xml;base64,PHN2ZyB3aWR0aD0iMSIgaGVpZ2h0PSIxIiB4bWxucz0iaHR0cDovL3d3dy53My5vcmcvMjAwMC9zdmciPjwvc3ZnPg==\" class=\"lazyload\" style=\"--smush-placeholder-width: 300px; --smush-placeholder-aspect-ratio: 300\/225;\" \/><\/a><\/figure>\n\n\n\n<p>O evento de lan\u00e7amento do edital para concess\u00e3o de uso e comercializa\u00e7\u00e3o dos espa\u00e7os p\u00fablicos do Sum\u00e9 Shopping aconteceu nesta segunda-feira (02), nas pr\u00f3prias depend\u00eancias do shopping com a realiza\u00e7\u00e3o da I Feira Municipal de Artesanato e exposi\u00e7\u00e3o de cerca de 400 pe\u00e7as de diversas tipologias.<\/p>\n\n\n\n<p>A iniciativa do Sum\u00e9 Shopping, em parceria com o CAPS Sum\u00e9, contou com apresenta\u00e7\u00f5es culturais e art\u00edsticas, participa\u00e7\u00e3o do Grupo Zeca do P\u00edfano, de Pio X, exposi\u00e7\u00e3o de pe\u00e7as artesanais da Casa da Economia Solid\u00e1ria e a mostra coletiva \u201cCores do Inconsciente\u201d \u2013 trabalhos produzidos por usu\u00e1rios do Centro de Aten\u00e7\u00e3o Psicossocial \u2013 CAPS Sum\u00e9, sob a curadoria do artista Alexandre Limeira que tamb\u00e9m exp\u00f4s algumas de suas obras que ganharam destaques no pr\u00eamio Santander \u201cCaravana Alian\u00e7a Empreendedora\u201d em 2018..<\/p>\n\n\n\n<p>A exposi\u00e7\u00e3o tamb\u00e9m contou&nbsp; com obras, de cunho internacional, do professor Zito Junior como o Livro \u201cEcos do Nordeste\u201d, lan\u00e7ado em Lisboa \u2013 Portugal, no ano de 2018 e no Brasil em 2019, como tamb\u00e9m obras do artista pl\u00e1stico e professor Sanzio Ara\u00fajo, do artista Raiff Lima, do Pascar com plantas suculentas e pintura com terra e de empreendedores do ramo do artesanato do munic\u00edpio de Sum\u00e9.<\/p>\n\n\n\n<figure class=\"wp-block-image\"><a href=\"http:\/\/www.sume.pb.gov.br\/wp-content\/uploads\/2019\/12\/480d81cb-4669-4611-b0ea-8e8ee3765eb0.jpg\"><img decoding=\"async\" data-src=\"http:\/\/www.sume.pb.gov.br\/wp-content\/uploads\/2019\/12\/480d81cb-4669-4611-b0ea-8e8ee3765eb0-300x225.jpg\" alt=\"\" src=\"data:image\/svg+xml;base64,PHN2ZyB3aWR0aD0iMSIgaGVpZ2h0PSIxIiB4bWxucz0iaHR0cDovL3d3dy53My5vcmcvMjAwMC9zdmciPjwvc3ZnPg==\" class=\"lazyload\" style=\"--smush-placeholder-width: 300px; --smush-placeholder-aspect-ratio: 300\/225;\" \/><\/a><\/figure>\n\n\n\n<figure class=\"wp-block-image\"><a href=\"http:\/\/www.sume.pb.gov.br\/wp-content\/uploads\/2019\/12\/c482ca30-8adb-471c-bdff-41f3cc40dae5.jpg\"><img decoding=\"async\" data-src=\"http:\/\/www.sume.pb.gov.br\/wp-content\/uploads\/2019\/12\/c482ca30-8adb-471c-bdff-41f3cc40dae5-300x225.jpg\" alt=\"\" src=\"data:image\/svg+xml;base64,PHN2ZyB3aWR0aD0iMSIgaGVpZ2h0PSIxIiB4bWxucz0iaHR0cDovL3d3dy53My5vcmcvMjAwMC9zdmciPjwvc3ZnPg==\" class=\"lazyload\" style=\"--smush-placeholder-width: 300px; --smush-placeholder-aspect-ratio: 300\/225;\" \/><\/a><\/figure>\n\n\n\n<figure class=\"wp-block-image\"><a href=\"http:\/\/www.sume.pb.gov.br\/wp-content\/uploads\/2019\/12\/c501e048-4cf9-44a2-b63b-0d5a3b1ea27a.jpg\"><img decoding=\"async\" data-src=\"http:\/\/www.sume.pb.gov.br\/wp-content\/uploads\/2019\/12\/c501e048-4cf9-44a2-b63b-0d5a3b1ea27a-300x225.jpg\" alt=\"\" src=\"data:image\/svg+xml;base64,PHN2ZyB3aWR0aD0iMSIgaGVpZ2h0PSIxIiB4bWxucz0iaHR0cDovL3d3dy53My5vcmcvMjAwMC9zdmciPjwvc3ZnPg==\" class=\"lazyload\" style=\"--smush-placeholder-width: 300px; --smush-placeholder-aspect-ratio: 300\/225;\" \/><\/a><\/figure>\n\n\n\n<p>A solenidade foi aberta ao p\u00fablico e contou ainda com a visita de alunos da Escola Z\u00e9lia Braz e do CAPS da cidade de Monteiro.<\/p>\n\n\n\n<p>De acordo com a Comiss\u00e3o de Licita\u00e7\u00e3o da Prefeitura de Sum\u00e9, as propostas de credenciamento de pessoas f\u00edsicas e jur\u00eddicas, para uso, operacionaliza\u00e7\u00e3o e explora\u00e7\u00e3o comercial dos espa\u00e7os p\u00fablicos do shopping ser\u00e3o recebidas a partir de 16 de dezembro, das 08h \u00e0s 13h, no edif\u00edcio sede da Prefeitura, localizado na Avenida Primeiro de Abril, 379 \u2013 Centro.<\/p>\n\n\n\n<p>Outras informa\u00e7\u00f5es sobre lojas, ramo de atividades ou presta\u00e7\u00e3o de servi\u00e7os a serem explorados no espa\u00e7o, acesse o edital:&nbsp;<a href=\"http:\/\/www.sume.pb.gov.br\/wp-content\/uploads\/2019\/12\/EDITAL-Chamamento-P%C3%BAblico-003_Shopping.pdf\">EDITAL \u2013 Chamamento P\u00fablico 003_Shopping<\/a><\/p>\n\n\n\n<p>Ascom<\/p>\n","protected":false},"excerpt":{"rendered":"<p>O evento de lan\u00e7amento do edital para concess\u00e3o de uso e comercializa\u00e7\u00e3o dos espa\u00e7os p\u00fablicos do Sum\u00e9 Shopping aconteceu nesta segunda-feira (02), nas pr\u00f3prias depend\u00eancias&hellip; <\/p>\n","protected":false},"author":1,"featured_media":139268,"comment_status":"closed","ping_status":"closed","sticky":false,"template":"","format":"standard","meta":{"sfsi_plus_gutenberg_text_before_share":"","sfsi_plus_gutenberg_show_text_before_share":"","sfsi_plus_gutenberg_icon_type":"","sfsi_plus_gutenberg_icon_alignemt":"","sfsi_plus_gutenburg_max_per_row":"","footnotes":""},"categories":[50,2],"tags":[],"class_list":["post-139266","post","type-post","status-publish","format-standard","has-post-thumbnail","hentry","category-destaque","category-geral"],"_links":{"self":[{"href":"https:\/\/www.caririemacao.com\/1\/wp-json\/wp\/v2\/posts\/139266","targetHints":{"allow":["GET"]}}],"collection":[{"href":"https:\/\/www.caririemacao.com\/1\/wp-json\/wp\/v2\/posts"}],"about":[{"href":"https:\/\/www.caririemacao.com\/1\/wp-json\/wp\/v2\/types\/post"}],"author":[{"embeddable":true,"href":"https:\/\/www.caririemacao.com\/1\/wp-json\/wp\/v2\/users\/1"}],"replies":[{"embeddable":true,"href":"https:\/\/www.caririemacao.com\/1\/wp-json\/wp\/v2\/comments?post=139266"}],"version-history":[{"count":1,"href":"https:\/\/www.caririemacao.com\/1\/wp-json\/wp\/v2\/posts\/139266\/revisions"}],"predecessor-version":[{"id":139269,"href":"https:\/\/www.caririemacao.com\/1\/wp-json\/wp\/v2\/posts\/139266\/revisions\/139269"}],"wp:featuredmedia":[{"embeddable":true,"href":"https:\/\/www.caririemacao.com\/1\/wp-json\/wp\/v2\/media\/139268"}],"wp:attachment":[{"href":"https:\/\/www.caririemacao.com\/1\/wp-json\/wp\/v2\/media?parent=139266"}],"wp:term":[{"taxonomy":"category","embeddable":true,"href":"https:\/\/www.caririemacao.com\/1\/wp-json\/wp\/v2\/categories?post=139266"},{"taxonomy":"post_tag","embeddable":true,"href":"https:\/\/www.caririemacao.com\/1\/wp-json\/wp\/v2\/tags?post=139266"}],"curies":[{"name":"wp","href":"https:\/\/api.w.org\/{rel}","templated":true}]}}