{"id":139275,"date":"2019-12-03T14:56:54","date_gmt":"2019-12-03T17:56:54","guid":{"rendered":"http:\/\/www.caririemacao.com\/1\/?p=139275"},"modified":"2019-12-03T14:56:54","modified_gmt":"2019-12-03T17:56:54","slug":"ordens-de-servico-para-construcao-de-passarelas-e-reforma-de-residencias-universitarias-no-cdsa-sao-assinadas","status":"publish","type":"post","link":"https:\/\/www.caririemacao.com\/1\/2019\/12\/03\/ordens-de-servico-para-construcao-de-passarelas-e-reforma-de-residencias-universitarias-no-cdsa-sao-assinadas\/","title":{"rendered":"Ordens de servi\u00e7o para constru\u00e7\u00e3o de passarelas e reforma de Resid\u00eancias Universit\u00e1rias no CDSA s\u00e3o assinadas"},"content":{"rendered":"\n<p>Foram assinadas na manh\u00e3 desta ter\u00e7a-feira, 3 de dezembro, na Dire\u00e7\u00e3o do Centro de Desenvolvimento Sustent\u00e1vel do Semi\u00e1rido da Universidade Federal de Campina Grande, as ordens de servi\u00e7o para as obras de constru\u00e7\u00e3o de passarelas e acessibilidade para o CDSA\/UFCG e reformas em ambientes das Resid\u00eancias Universit\u00e1rias.<\/p>\n\n\n\n<p>A assinatura foi feita pelo diretor do CDSA, professor Hugo Morais de Alc\u00e2ntara e pelo representante da Construtora Azevedo LTDA, empresa que realizar\u00e1 as obras.<\/p>\n\n\n\n<p>Estiveram presentes no ato da assinatura, o subprefeito do Campus, M\u00e1rcio Daniel Rodrigues Medeiros, o chefe de Contratos do CDSA, Jo\u00e3o Severo Filho e o gerente da Ger\u00eancia de Assuntos Estudantis, Rog\u00e9ryo Fernandes da Costa.<\/p>\n\n\n\n<p>As obras dever\u00e3o ser iniciadas em cerca de 10 dias.<\/p>\n\n\n\n<p>Assimp CDSA\/UFCG.<\/p>\n","protected":false},"excerpt":{"rendered":"<p>Foram assinadas na manh\u00e3 desta ter\u00e7a-feira, 3 de dezembro, na Dire\u00e7\u00e3o do Centro de Desenvolvimento Sustent\u00e1vel do Semi\u00e1rido da Universidade Federal de Campina Grande, as&hellip; <\/p>\n","protected":false},"author":1,"featured_media":139276,"comment_status":"closed","ping_status":"closed","sticky":false,"template":"","format":"standard","meta":{"sfsi_plus_gutenberg_text_before_share":"","sfsi_plus_gutenberg_show_text_before_share":"","sfsi_plus_gutenberg_icon_type":"","sfsi_plus_gutenberg_icon_alignemt":"","sfsi_plus_gutenburg_max_per_row":"","footnotes":""},"categories":[14],"tags":[],"class_list":["post-139275","post","type-post","status-publish","format-standard","has-post-thumbnail","hentry","category-educacao"],"_links":{"self":[{"href":"https:\/\/www.caririemacao.com\/1\/wp-json\/wp\/v2\/posts\/139275","targetHints":{"allow":["GET"]}}],"collection":[{"href":"https:\/\/www.caririemacao.com\/1\/wp-json\/wp\/v2\/posts"}],"about":[{"href":"https:\/\/www.caririemacao.com\/1\/wp-json\/wp\/v2\/types\/post"}],"author":[{"embeddable":true,"href":"https:\/\/www.caririemacao.com\/1\/wp-json\/wp\/v2\/users\/1"}],"replies":[{"embeddable":true,"href":"https:\/\/www.caririemacao.com\/1\/wp-json\/wp\/v2\/comments?post=139275"}],"version-history":[{"count":1,"href":"https:\/\/www.caririemacao.com\/1\/wp-json\/wp\/v2\/posts\/139275\/revisions"}],"predecessor-version":[{"id":139277,"href":"https:\/\/www.caririemacao.com\/1\/wp-json\/wp\/v2\/posts\/139275\/revisions\/139277"}],"wp:featuredmedia":[{"embeddable":true,"href":"https:\/\/www.caririemacao.com\/1\/wp-json\/wp\/v2\/media\/139276"}],"wp:attachment":[{"href":"https:\/\/www.caririemacao.com\/1\/wp-json\/wp\/v2\/media?parent=139275"}],"wp:term":[{"taxonomy":"category","embeddable":true,"href":"https:\/\/www.caririemacao.com\/1\/wp-json\/wp\/v2\/categories?post=139275"},{"taxonomy":"post_tag","embeddable":true,"href":"https:\/\/www.caririemacao.com\/1\/wp-json\/wp\/v2\/tags?post=139275"}],"curies":[{"name":"wp","href":"https:\/\/api.w.org\/{rel}","templated":true}]}}