{"id":139281,"date":"2019-12-03T15:05:28","date_gmt":"2019-12-03T18:05:28","guid":{"rendered":"http:\/\/www.caririemacao.com\/1\/?p=139281"},"modified":"2019-12-03T15:05:28","modified_gmt":"2019-12-03T18:05:28","slug":"expo-monteiro-2019-e-sucesso-e-tem-recorde-de-publico-registrado","status":"publish","type":"post","link":"https:\/\/www.caririemacao.com\/1\/2019\/12\/03\/expo-monteiro-2019-e-sucesso-e-tem-recorde-de-publico-registrado\/","title":{"rendered":"Expo Monteiro 2019 \u00e9 sucesso e tem recorde de p\u00fablico registrado"},"content":{"rendered":"\n<p>Cerca de 16 mil pessoas circularam nas depend\u00eancias do Parque de Eventos de Monteiro durante os tr\u00eas dias da Expo Monteiro 2019 \u2013 Exposi\u00e7\u00e3o de Animais de Monteiro, que foi encerrada oficialmente nanoite do \u00faltimo s\u00e1bado, 29.<br>\nEsse ano a novidade ficou por conta da programa\u00e7\u00e3o cultural que integrou o evento, contando no primeiro dia com o Festival de Violeiros  Pinto de Monteiro com um p\u00fablico de quase 3.00 pessoas. J\u00e1 na sexta-feira, que trouxe ao palco a dupla Genildo e Ginaldo cerca de 5 mil pessoas compareceram. A grande surpresa e recorde de p\u00fablico ficou a cargo do Monteirense Adriano Silva que abriu a programa\u00e7\u00e3o musical do s\u00e1bado, 30, seguido pelo reconhecido Amazan onde quase 10 mil pessoas se divertiram ao som do melhor do forr\u00f3.<\/p>\n\n\n\n<p>Os outros atrativos foram as vendas, exposi\u00e7\u00e3o e torneio leiteiro de animais de v\u00e1rias ra\u00e7as, al\u00e9m das exposi\u00e7\u00f5es de aves da ra\u00e7a Indio Americano, e tamb\u00e9m as capacita\u00e7\u00f5es oferecidas em parceria com Sebrae, Semar e Empaer com temas que variaram entre carcinocultura, leis e trabalho rural e Selo Arte para produtores artesanais de produtos de latic\u00ednio.<br>\nA Expo Monteiro foi considerada neste ano uma das maiores exposi\u00e7\u00f5es de caprinovinocultura da Para\u00edba e do Nordeste, reunindo criadores de diversos estados e animais com alto padr\u00e3o gen\u00e9tico.<br>\nSegundo a prefeita Anna Lorena a exposi\u00e7\u00e3o tem evoluido desde o seu retorno no ano de 2018 e seu acontecimento recorde em 2019, e ainda relata que a iniciativa foi al\u00e9m das expectativas, \u201c Nossa organiza\u00e7\u00e3o aponta uma evolu\u00e7\u00e3o nos volumes de neg\u00f3cios feitos no munic\u00edpio, tanto que atraiu muito mais criadores fazendo assim com que pudessemos ampliar a oferta de baias e tamb\u00e9m o poder competitivo no torneio leiteiro. Neste ano superamos nossas expectativas e pretendemos superar em 2020\u201d.<br>\nA Expo Monteiro \u00e9 promovida pela Prefeitura Municipal de Monteiro, atrav\u00e9s da Secretaria de Agricultura a de Cultura, com o apoio da Secretaria de Infraestrutura e em parceria com o Sebrae, Governo do Estado, Empaer e Semar\/Faepa.<\/p>\n","protected":false},"excerpt":{"rendered":"<p>Cerca de 16 mil pessoas circularam nas depend\u00eancias do Parque de Eventos de Monteiro durante os tr\u00eas dias da Expo Monteiro 2019 \u2013 Exposi\u00e7\u00e3o de&hellip; <\/p>\n","protected":false},"author":1,"featured_media":139282,"comment_status":"closed","ping_status":"closed","sticky":false,"template":"","format":"standard","meta":{"sfsi_plus_gutenberg_text_before_share":"","sfsi_plus_gutenberg_show_text_before_share":"","sfsi_plus_gutenberg_icon_type":"","sfsi_plus_gutenberg_icon_alignemt":"","sfsi_plus_gutenburg_max_per_row":"","footnotes":""},"categories":[2],"tags":[],"class_list":["post-139281","post","type-post","status-publish","format-standard","has-post-thumbnail","hentry","category-geral"],"_links":{"self":[{"href":"https:\/\/www.caririemacao.com\/1\/wp-json\/wp\/v2\/posts\/139281","targetHints":{"allow":["GET"]}}],"collection":[{"href":"https:\/\/www.caririemacao.com\/1\/wp-json\/wp\/v2\/posts"}],"about":[{"href":"https:\/\/www.caririemacao.com\/1\/wp-json\/wp\/v2\/types\/post"}],"author":[{"embeddable":true,"href":"https:\/\/www.caririemacao.com\/1\/wp-json\/wp\/v2\/users\/1"}],"replies":[{"embeddable":true,"href":"https:\/\/www.caririemacao.com\/1\/wp-json\/wp\/v2\/comments?post=139281"}],"version-history":[{"count":1,"href":"https:\/\/www.caririemacao.com\/1\/wp-json\/wp\/v2\/posts\/139281\/revisions"}],"predecessor-version":[{"id":139283,"href":"https:\/\/www.caririemacao.com\/1\/wp-json\/wp\/v2\/posts\/139281\/revisions\/139283"}],"wp:featuredmedia":[{"embeddable":true,"href":"https:\/\/www.caririemacao.com\/1\/wp-json\/wp\/v2\/media\/139282"}],"wp:attachment":[{"href":"https:\/\/www.caririemacao.com\/1\/wp-json\/wp\/v2\/media?parent=139281"}],"wp:term":[{"taxonomy":"category","embeddable":true,"href":"https:\/\/www.caririemacao.com\/1\/wp-json\/wp\/v2\/categories?post=139281"},{"taxonomy":"post_tag","embeddable":true,"href":"https:\/\/www.caririemacao.com\/1\/wp-json\/wp\/v2\/tags?post=139281"}],"curies":[{"name":"wp","href":"https:\/\/api.w.org\/{rel}","templated":true}]}}