{"id":139284,"date":"2019-12-03T15:18:16","date_gmt":"2019-12-03T18:18:16","guid":{"rendered":"http:\/\/www.caririemacao.com\/1\/?p=139284"},"modified":"2019-12-03T15:18:16","modified_gmt":"2019-12-03T18:18:16","slug":"professores-da-educacao-infantil-de-caraubas-participam-do-encerramento-do-curso-de-formacao-continuada","status":"publish","type":"post","link":"https:\/\/www.caririemacao.com\/1\/2019\/12\/03\/professores-da-educacao-infantil-de-caraubas-participam-do-encerramento-do-curso-de-formacao-continuada\/","title":{"rendered":"Professores da educa\u00e7\u00e3o infantil de Cara\u00fabas participam do encerramento do curso de forma\u00e7\u00e3o continuada"},"content":{"rendered":"\n<p>Ap\u00f3s 05(cinco) meses de curso de forma\u00e7\u00e3o continuada em Educa\u00e7\u00e3o Infantil promovido pela UFCG \u2013 Universidade Federal de Campina Grande em parceria com a Secretaria da Educa\u00e7\u00e3o do munic\u00edpio de Cara\u00fabas foi encerrado na tarde desta segunda-feira, dia 02 de dezembro do corrente, o mencionado curso.<\/p>\n\n\n\n<p>A secret\u00e1ria Rhayanne Fernandes participou ao lado do Adjunto e professor Tiago Vasconcelos das atividades. Ela afirmou que o compromisso da gest\u00e3o municipal continua sendo o de transformar a educa\u00e7\u00e3o municipal num modelo de primeiro mundo. <\/p>\n\n\n\n<p>Sabemos das dificuldades que iriamos enfrentar, mais com muito trabalho e dedica\u00e7\u00e3o estamos conseguindo transformar a nossa atividade acad\u00eamica oferecendo aos professores da rede p\u00fablica, oportunidades como esta de aperfei\u00e7oamento, disse ela.O curso foi desenvolvido com base na Educa\u00e7\u00e3o Contextualizada e considerou tamb\u00e9m as nuances da BNCC \u2013 Base Nacional Comum Curricular. O professor Tiago Vasconcelos, secret\u00e1rio adjunto da Educa\u00e7\u00e3o, afirmou a import\u00e2ncia do curso. <\/p>\n\n\n\n<p>Foi extremamente proveitoso e importante, pois, tratou especificamente de pr\u00e1ticas e metodologias pedag\u00f3gicas para a Educa\u00e7\u00e3o Infantil, disse ele.Essa era uma necessidade de nossos profissionais da rede municipal. Quero lembrar que a BNCC \u00e9 um documento de car\u00e1ter normativo que define o conjunto org\u00e2nico e progressivo de aprendizagens essenciais que todos os alunos devem desenvolver ao longo das etapas e modalidades da Educa\u00e7\u00e3o B\u00e1sica, concluiu Tiago.<\/p>\n\n\n\n<p>A secret\u00e1ria da Educa\u00e7\u00e3o lembra que toda certifica\u00e7\u00e3o dos professores ser\u00e1 feita pela Universidade Federal de Campina Grande, valorizando ainda mais os nossos profissionais. A determina\u00e7\u00e3o do prefeito Silvano Dudu \u00e9 que fa\u00e7amos o maior esfor\u00e7o poss\u00edvel para capacitar nossos professores para que tenhamos alunos preparados para enfrentar uma realidade diferente da que se viu no passado. Pagamos ao nosso magist\u00e9rio dentro do m\u00eas trabalhado, estaremos reformando nossas unidades de ensino, modernizamos todo mobili\u00e1rio e agora estamos promovendo a capacita\u00e7\u00e3o dos professores, concluiu Rhayanne.<br><\/p>\n\n\n\n<p>Fonte:\u00a0<strong>SEPLACOM<\/strong><\/p>\n\n\n\n<p>Foto:\u00a0<strong>Tiago Vasconcelos<\/strong><\/p>\n","protected":false},"excerpt":{"rendered":"<p>Ap\u00f3s 05(cinco) meses de curso de forma\u00e7\u00e3o continuada em Educa\u00e7\u00e3o Infantil promovido pela UFCG \u2013 Universidade Federal de Campina Grande em parceria com a Secretaria&hellip; <\/p>\n","protected":false},"author":1,"featured_media":139285,"comment_status":"closed","ping_status":"closed","sticky":false,"template":"","format":"standard","meta":{"sfsi_plus_gutenberg_text_before_share":"","sfsi_plus_gutenberg_show_text_before_share":"","sfsi_plus_gutenberg_icon_type":"","sfsi_plus_gutenberg_icon_alignemt":"","sfsi_plus_gutenburg_max_per_row":"","footnotes":""},"categories":[6],"tags":[],"class_list":["post-139284","post","type-post","status-publish","format-standard","has-post-thumbnail","hentry","category-cidades"],"_links":{"self":[{"href":"https:\/\/www.caririemacao.com\/1\/wp-json\/wp\/v2\/posts\/139284","targetHints":{"allow":["GET"]}}],"collection":[{"href":"https:\/\/www.caririemacao.com\/1\/wp-json\/wp\/v2\/posts"}],"about":[{"href":"https:\/\/www.caririemacao.com\/1\/wp-json\/wp\/v2\/types\/post"}],"author":[{"embeddable":true,"href":"https:\/\/www.caririemacao.com\/1\/wp-json\/wp\/v2\/users\/1"}],"replies":[{"embeddable":true,"href":"https:\/\/www.caririemacao.com\/1\/wp-json\/wp\/v2\/comments?post=139284"}],"version-history":[{"count":1,"href":"https:\/\/www.caririemacao.com\/1\/wp-json\/wp\/v2\/posts\/139284\/revisions"}],"predecessor-version":[{"id":139287,"href":"https:\/\/www.caririemacao.com\/1\/wp-json\/wp\/v2\/posts\/139284\/revisions\/139287"}],"wp:featuredmedia":[{"embeddable":true,"href":"https:\/\/www.caririemacao.com\/1\/wp-json\/wp\/v2\/media\/139285"}],"wp:attachment":[{"href":"https:\/\/www.caririemacao.com\/1\/wp-json\/wp\/v2\/media?parent=139284"}],"wp:term":[{"taxonomy":"category","embeddable":true,"href":"https:\/\/www.caririemacao.com\/1\/wp-json\/wp\/v2\/categories?post=139284"},{"taxonomy":"post_tag","embeddable":true,"href":"https:\/\/www.caririemacao.com\/1\/wp-json\/wp\/v2\/tags?post=139284"}],"curies":[{"name":"wp","href":"https:\/\/api.w.org\/{rel}","templated":true}]}}