{"id":139289,"date":"2019-12-03T15:21:55","date_gmt":"2019-12-03T18:21:55","guid":{"rendered":"http:\/\/www.caririemacao.com\/1\/?p=139289"},"modified":"2019-12-03T15:21:55","modified_gmt":"2019-12-03T18:21:55","slug":"prefeito-de-caraubas-participa-de-sessao-da-assembleia-legislativa-em-cabaceiras-e-cobra-integracao-para-o-turismo","status":"publish","type":"post","link":"https:\/\/www.caririemacao.com\/1\/2019\/12\/03\/prefeito-de-caraubas-participa-de-sessao-da-assembleia-legislativa-em-cabaceiras-e-cobra-integracao-para-o-turismo\/","title":{"rendered":"Prefeito de Cara\u00fabas participa de sess\u00e3o da assembl\u00e9ia legislativa em Cabaceiras, e cobra integra\u00e7\u00e3o para o turismo"},"content":{"rendered":"\n<p>Foi realizada na tarde do \u00faltimo s\u00e1bado, dia 30\/11, no Distrito de Ribeira, no munic\u00edpio de Cabaceiras uma sess\u00e3o especial itinerante da Assembleia Legislativa do Estado da Para\u00edba, dentro da realiza\u00e7\u00e3o da primeira edi\u00e7\u00e3o da Festa do Couro, evento que far\u00e1 parte do calend\u00e1rio de eventos tur\u00edsticos da regi\u00e3o.<\/p>\n\n\n\n<p>O deputado Adriano Galdino presidiu a sess\u00e3o que contou com a presen\u00e7a de outros deputados estaduais, de autoridades da esfera federal, prefeitos, vereadores e presidentes de c\u00e2maras municipais, secret\u00e1rios estaduais e municipais e a popula\u00e7\u00e3o local e visitantes.Convidado a usar da fala o prefeito Silvano Dudu, do munic\u00edpio de Cara\u00fabas enfatizou a import\u00e2ncia da presen\u00e7a da Assembleia Legislativa no cariri paraibano e de forma especial em Cabaceiras cidade tur\u00edstica. <\/p>\n\n\n\n<p>Precisamos expandir essas a\u00e7\u00f5es para outras cidades que tamb\u00e9m tem o mesmo potencial de explora\u00e7\u00e3o do turismo, pois, temos muitas riquezas naturais a serem exploradas e que s\u00e3o pouco conhecidas da popula\u00e7\u00e3o paraibana, afirmou o prefeito aludindo ao mapeamento que esta sendo realizado pelo munic\u00edpio de Cara\u00fabas em parceria com a UEPB.O turismo tem um alt\u00edssimo potencial econ\u00f4mico, social, cultural e ambiental, esses itens s\u00e3o elementos extremamente ligados ao turismo, pois estabelecem reciprocidade entre os elementos.<\/p>\n\n\n\n<p>Somos uma regi\u00e3o com enorme potencial tur\u00edstico em raz\u00e3o da diversidade cultural e, principalmente, das belezas naturais do imenso territ\u00f3rio, mas esse potencial ainda n\u00e3o \u00e9 explorando em sua totalidade. O turismo interno gera um fluxo aproximado de 26,6 milh\u00f5es anualmente, e o Brasil ocupa a 29\u00aa posi\u00e7\u00e3o no fluxo do numero de turistas que visitam o pa\u00eds, mesmo representando apenas um por cento do fluxo mundial. <\/p>\n\n\n\n<p>\u00c9 hoje a atividade que mais emprega no mundo, destacou Silvano Dudu.O prefeito esteve em Cabaceiras acompanhado do presidente da C\u00e2mara, Nero Soares, dos vereadores da bancada situacionista e despachou com o presidente da Assembleia deputado Adriano Galdino onde cobrou algumas a\u00e7\u00f5es pontuais para Cara\u00fabas, a exemplo da ponte no rio Para\u00edba interligando as comunidades de Ponta de Serra e Passagem, o retorno da viatura policial e outras de ordem administrativa.<br><\/p>\n\n\n\n<p>Fonte:\u00a0<strong>SEPLACOM<\/strong><\/p>\n","protected":false},"excerpt":{"rendered":"<p>Foi realizada na tarde do \u00faltimo s\u00e1bado, dia 30\/11, no Distrito de Ribeira, no munic\u00edpio de Cabaceiras uma sess\u00e3o especial itinerante da Assembleia Legislativa do&hellip; <\/p>\n","protected":false},"author":1,"featured_media":139290,"comment_status":"closed","ping_status":"closed","sticky":false,"template":"","format":"standard","meta":{"sfsi_plus_gutenberg_text_before_share":"","sfsi_plus_gutenberg_show_text_before_share":"","sfsi_plus_gutenberg_icon_type":"","sfsi_plus_gutenberg_icon_alignemt":"","sfsi_plus_gutenburg_max_per_row":"","footnotes":""},"categories":[2],"tags":[],"class_list":["post-139289","post","type-post","status-publish","format-standard","has-post-thumbnail","hentry","category-geral"],"_links":{"self":[{"href":"https:\/\/www.caririemacao.com\/1\/wp-json\/wp\/v2\/posts\/139289","targetHints":{"allow":["GET"]}}],"collection":[{"href":"https:\/\/www.caririemacao.com\/1\/wp-json\/wp\/v2\/posts"}],"about":[{"href":"https:\/\/www.caririemacao.com\/1\/wp-json\/wp\/v2\/types\/post"}],"author":[{"embeddable":true,"href":"https:\/\/www.caririemacao.com\/1\/wp-json\/wp\/v2\/users\/1"}],"replies":[{"embeddable":true,"href":"https:\/\/www.caririemacao.com\/1\/wp-json\/wp\/v2\/comments?post=139289"}],"version-history":[{"count":1,"href":"https:\/\/www.caririemacao.com\/1\/wp-json\/wp\/v2\/posts\/139289\/revisions"}],"predecessor-version":[{"id":139291,"href":"https:\/\/www.caririemacao.com\/1\/wp-json\/wp\/v2\/posts\/139289\/revisions\/139291"}],"wp:featuredmedia":[{"embeddable":true,"href":"https:\/\/www.caririemacao.com\/1\/wp-json\/wp\/v2\/media\/139290"}],"wp:attachment":[{"href":"https:\/\/www.caririemacao.com\/1\/wp-json\/wp\/v2\/media?parent=139289"}],"wp:term":[{"taxonomy":"category","embeddable":true,"href":"https:\/\/www.caririemacao.com\/1\/wp-json\/wp\/v2\/categories?post=139289"},{"taxonomy":"post_tag","embeddable":true,"href":"https:\/\/www.caririemacao.com\/1\/wp-json\/wp\/v2\/tags?post=139289"}],"curies":[{"name":"wp","href":"https:\/\/api.w.org\/{rel}","templated":true}]}}