{"id":139294,"date":"2019-12-03T15:31:44","date_gmt":"2019-12-03T18:31:44","guid":{"rendered":"http:\/\/www.caririemacao.com\/1\/?p=139294"},"modified":"2019-12-03T15:38:16","modified_gmt":"2019-12-03T18:38:16","slug":"139294","status":"publish","type":"post","link":"https:\/\/www.caririemacao.com\/1\/2019\/12\/03\/139294\/","title":{"rendered":"Prefeitos confirmam presen\u00e7a e abrilhantar\u00e3o entrega do PR\u00caMIO REFER\u00caNCIA 2019"},"content":{"rendered":"\n<p>A entrega do PR\u00caMIO \u00a0REFER\u00caNCIA \u00a02019 promete mobilizar o Cariri e algumas cidades do estado de Pernambuco em uma noite de emo\u00e7\u00e3o, alegria e de reconhecimento aos profissionais, agentes pol\u00edticos, empres\u00e1rios e personalidades que foram REFER\u00caNCIA este ano.<\/p>\n\n\n\n<p>De acordo com o idealizador do PR\u00caMIO REFER\u00caNCIA, Marivaldo Alc\u00e2ntara, diretor do PORTAL CARIRI EM A\u00c7\u00c3O, o objetivo \u00e9 reconhecer e premiar de forma simb\u00f3lica as refer\u00eancias de todas as cidades, de forma democr\u00e1tica, at\u00e9 por que a sistem\u00e1tica da escolha dos agraciados foi atrav\u00e9s de vota\u00e7\u00e3o popular realizada por equipes que se deslocaram aos 24 munic\u00edpios para ouvir as opini\u00f5es in loco.<\/p>\n\n\n\n<p>Entre os prefeitos das cidades onde as pesquisas foram realizadas, j\u00e1 confirmaram presen\u00e7a at\u00e9 o presente momento na noite de gala, os seguintes gestores: <\/p>\n\n\n\n<p>Adriano Wolff &#8211; S\u00c3O SEBASTI\u00c3O DO UMBUZEIRO<\/p>\n\n\n\n<p>Alecsandro Bezerra (Sandro M\u00f4co) \u2013 CAMALA\u00da<\/p>\n\n\n\n<p>Anna Lorena \u2013 MONTEIRO<\/p>\n\n\n\n<p>Ant\u00f4nio N\u00f3brega J\u00fanior (J\u00fanior) \u2013 PRATA<\/p>\n\n\n\n<p>C\u00e9lio Barbosa &#8211; S\u00c3O JO\u00c3O DO TIGRE<\/p>\n\n\n\n<p>\u00c9den Duarte \u2013 SUM\u00c9<\/p>\n\n\n\n<p>H\u00e9lder Trajano &#8211; S\u00c3O JO\u00c3O DO CARIRI <\/p>\n\n\n\n<p>In\u00e1cio N\u00f3brega \u2013 AMPARO<\/p>\n\n\n\n<p>Inara Marinho &#8211; S\u00c3O DOMINGOS DO CARIRI<\/p>\n\n\n\n<p>Jefferson Roberto &#8211; S\u00c3O JOS\u00c9 DOS CORDEIROS<\/p>\n\n\n\n<p>Jos\u00e9 Silvano (Silvano Dudu) \u2013 CARA\u00daBAS<\/p>\n\n\n\n<p>Nat\u00e1lia Lira &#8211; OURO VELHO<\/p>\n\n\n\n<p>Ronaldo Queiroz &#8211; Gurj\u00e3o<\/p>\n\n\n\n<p>S\u00e1vio Torres \u2013 TUPARETAMA<\/p>\n\n\n\n<p>Silvana Marinho \u2013 Santo Andr\u00e9<\/p>\n\n\n\n<p>A CERIM\u00d4NIA DE PREMI\u00c7\u00c3O acontece no pr\u00f3ximo s\u00e1bado, dia 07,\na partir das 20 horas, no Centro Cultural, antigo Clube Municipal na cidade de\nMonteiro.<\/p>\n\n\n\n<p>O evento contar\u00e1 com uma super estrutura no local e transmiss\u00e3o ao vivo nas redes sociais do portal Cariri em A\u00e7\u00e3o (www.caririemacao.com).<\/p>\n\n\n\n<p>Cariri em A\u00e7\u00e3o com F\u00e1bio Brito<\/p>\n","protected":false},"excerpt":{"rendered":"<p>A entrega do PR\u00caMIO \u00a0REFER\u00caNCIA \u00a02019 promete mobilizar o Cariri e algumas cidades do estado de Pernambuco em uma noite de emo\u00e7\u00e3o, alegria e de&hellip; <\/p>\n","protected":false},"author":2,"featured_media":139295,"comment_status":"closed","ping_status":"closed","sticky":false,"template":"","format":"standard","meta":{"sfsi_plus_gutenberg_text_before_share":"","sfsi_plus_gutenberg_show_text_before_share":"","sfsi_plus_gutenberg_icon_type":"","sfsi_plus_gutenberg_icon_alignemt":"","sfsi_plus_gutenburg_max_per_row":"","footnotes":""},"categories":[50,11,66],"tags":[],"class_list":["post-139294","post","type-post","status-publish","format-standard","has-post-thumbnail","hentry","category-destaque","category-politica","category-premio-referencia-2019"],"_links":{"self":[{"href":"https:\/\/www.caririemacao.com\/1\/wp-json\/wp\/v2\/posts\/139294","targetHints":{"allow":["GET"]}}],"collection":[{"href":"https:\/\/www.caririemacao.com\/1\/wp-json\/wp\/v2\/posts"}],"about":[{"href":"https:\/\/www.caririemacao.com\/1\/wp-json\/wp\/v2\/types\/post"}],"author":[{"embeddable":true,"href":"https:\/\/www.caririemacao.com\/1\/wp-json\/wp\/v2\/users\/2"}],"replies":[{"embeddable":true,"href":"https:\/\/www.caririemacao.com\/1\/wp-json\/wp\/v2\/comments?post=139294"}],"version-history":[{"count":4,"href":"https:\/\/www.caririemacao.com\/1\/wp-json\/wp\/v2\/posts\/139294\/revisions"}],"predecessor-version":[{"id":139299,"href":"https:\/\/www.caririemacao.com\/1\/wp-json\/wp\/v2\/posts\/139294\/revisions\/139299"}],"wp:featuredmedia":[{"embeddable":true,"href":"https:\/\/www.caririemacao.com\/1\/wp-json\/wp\/v2\/media\/139295"}],"wp:attachment":[{"href":"https:\/\/www.caririemacao.com\/1\/wp-json\/wp\/v2\/media?parent=139294"}],"wp:term":[{"taxonomy":"category","embeddable":true,"href":"https:\/\/www.caririemacao.com\/1\/wp-json\/wp\/v2\/categories?post=139294"},{"taxonomy":"post_tag","embeddable":true,"href":"https:\/\/www.caririemacao.com\/1\/wp-json\/wp\/v2\/tags?post=139294"}],"curies":[{"name":"wp","href":"https:\/\/api.w.org\/{rel}","templated":true}]}}