{"id":139300,"date":"2019-12-03T16:04:26","date_gmt":"2019-12-03T19:04:26","guid":{"rendered":"http:\/\/www.caririemacao.com\/1\/?p=139300"},"modified":"2019-12-03T16:04:55","modified_gmt":"2019-12-03T19:04:55","slug":"prefeito-de-tuparetama-savio-torres-sera-homenageado-com-o-premio-referencia-2019","status":"publish","type":"post","link":"https:\/\/www.caririemacao.com\/1\/2019\/12\/03\/prefeito-de-tuparetama-savio-torres-sera-homenageado-com-o-premio-referencia-2019\/","title":{"rendered":"Prefeito de Tuparetama S\u00e1vio Torres ser\u00e1 homenageado com o PR\u00caMIO REFER\u00caNCIA 2019"},"content":{"rendered":"\n<p>O prefeito S\u00e1vio foi eleito atrav\u00e9s de pesquisa realizada in\nloco, como CIDAD\u00c3O REFER\u00caNCIA de Tuparetama. A gest\u00e3o de S\u00e1vio tamb\u00e9m chega \u00e0\ncasa dos 70% de aprova\u00e7\u00e3o e conta com o reconhecimento expressivo da popula\u00e7\u00e3o\ntuparetamense.<\/p>\n\n\n\n<p>A cerim\u00f4nia de entrega do PR\u00caMIO REFER\u00caNCIA acontece no\npr\u00f3ximo S\u00e1bado, 07, a partir das 20 horas no Centro Cultural de Monteiro,\nantigo Clube Municipal.<\/p>\n\n\n\n<p>O evento de premia\u00e7\u00e3o contar\u00e1 com uma grandiosa estrutura, e ter\u00e1 a transmiss\u00e3o ao vivo atrav\u00e9s dos canais e redes do portal CARIRI EM A\u00c7\u00c3O (www.caririemacao.com).<\/p>\n\n\n\n<p>Cariri em A\u00e7\u00e3o com F\u00e1bio Brito<\/p>\n","protected":false},"excerpt":{"rendered":"<p>O prefeito S\u00e1vio foi eleito atrav\u00e9s de pesquisa realizada in loco, como CIDAD\u00c3O REFER\u00caNCIA de Tuparetama. A gest\u00e3o de S\u00e1vio tamb\u00e9m chega \u00e0 casa dos&hellip; <\/p>\n","protected":false},"author":2,"featured_media":139301,"comment_status":"closed","ping_status":"closed","sticky":false,"template":"","format":"standard","meta":{"sfsi_plus_gutenberg_text_before_share":"","sfsi_plus_gutenberg_show_text_before_share":"","sfsi_plus_gutenberg_icon_type":"","sfsi_plus_gutenberg_icon_alignemt":"","sfsi_plus_gutenburg_max_per_row":"","footnotes":""},"categories":[1],"tags":[],"class_list":["post-139300","post","type-post","status-publish","format-standard","has-post-thumbnail","hentry","category-o-site"],"_links":{"self":[{"href":"https:\/\/www.caririemacao.com\/1\/wp-json\/wp\/v2\/posts\/139300","targetHints":{"allow":["GET"]}}],"collection":[{"href":"https:\/\/www.caririemacao.com\/1\/wp-json\/wp\/v2\/posts"}],"about":[{"href":"https:\/\/www.caririemacao.com\/1\/wp-json\/wp\/v2\/types\/post"}],"author":[{"embeddable":true,"href":"https:\/\/www.caririemacao.com\/1\/wp-json\/wp\/v2\/users\/2"}],"replies":[{"embeddable":true,"href":"https:\/\/www.caririemacao.com\/1\/wp-json\/wp\/v2\/comments?post=139300"}],"version-history":[{"count":2,"href":"https:\/\/www.caririemacao.com\/1\/wp-json\/wp\/v2\/posts\/139300\/revisions"}],"predecessor-version":[{"id":139303,"href":"https:\/\/www.caririemacao.com\/1\/wp-json\/wp\/v2\/posts\/139300\/revisions\/139303"}],"wp:featuredmedia":[{"embeddable":true,"href":"https:\/\/www.caririemacao.com\/1\/wp-json\/wp\/v2\/media\/139301"}],"wp:attachment":[{"href":"https:\/\/www.caririemacao.com\/1\/wp-json\/wp\/v2\/media?parent=139300"}],"wp:term":[{"taxonomy":"category","embeddable":true,"href":"https:\/\/www.caririemacao.com\/1\/wp-json\/wp\/v2\/categories?post=139300"},{"taxonomy":"post_tag","embeddable":true,"href":"https:\/\/www.caririemacao.com\/1\/wp-json\/wp\/v2\/tags?post=139300"}],"curies":[{"name":"wp","href":"https:\/\/api.w.org\/{rel}","templated":true}]}}