{"id":139306,"date":"2019-12-04T07:31:01","date_gmt":"2019-12-04T10:31:01","guid":{"rendered":"http:\/\/www.caririemacao.com\/1\/?p=139306"},"modified":"2019-12-04T07:31:01","modified_gmt":"2019-12-04T10:31:01","slug":"fundac-divulga-resultado-da-prova-objetiva-do-concurso-publico-com-400-vagas","status":"publish","type":"post","link":"https:\/\/www.caririemacao.com\/1\/2019\/12\/04\/fundac-divulga-resultado-da-prova-objetiva-do-concurso-publico-com-400-vagas\/","title":{"rendered":"Fundac divulga resultado da prova objetiva do concurso p\u00fablico com 400 vagas"},"content":{"rendered":"\n<p>A Funda\u00e7\u00e3o de Desenvolvimento da Crian\u00e7a e do Adolescente &#8220;Alice de Almeida&#8221; (Fundac), divulgou o resultado final da prova objetiva do concurso p\u00fablico com 400 vagas. O resultado foi divulgado no Di\u00e1rio Oficial desta quarta-feira (4).<\/p>\n\n\n\n<p><a href=\"https:\/\/www.clickpb.com.br\/media\/filer_public\/f8\/cc\/f8ccdb71-b758-4237-a1ea-8efe5b2e8d3c\/diario-oficial-04-12-2019.pdf\">Confira o resultado a partir da p\u00e1gina 10<\/a><\/p>\n\n\n\n<p>Al\u00e9m do resultado da prova, tamb\u00e9m foi divulgado o resultado dos recursos contra o resultado preliminar da prova objetiva,&nbsp; a convoca\u00e7\u00e3o para entrega dos t\u00edtulos e a convoca\u00e7\u00e3o para per\u00edcia m\u00e9dica dos candiddatos que se declararam com defici\u00eancia para a per\u00edcia m\u00e9dica.<\/p>\n\n\n\n<p>A respostas aos recursos contra o gabarito preliminar oficial da prova objetiva&nbsp; est\u00e3o dispon\u00edveis no&nbsp;<a href=\"http:\/\/www.ibade.org.br\/\">site da empresa organizadora.<\/a><\/p>\n\n\n\n<figure class=\"wp-block-image\"><img decoding=\"async\" data-src=\"https:\/\/www.clickpb.com.br\/media\/filer_public\/72\/6e\/726e95fa-2915-48f5-a47c-022df83f0629\/20191204_061219.jpg\" alt=\"\" src=\"data:image\/svg+xml;base64,PHN2ZyB3aWR0aD0iMSIgaGVpZ2h0PSIxIiB4bWxucz0iaHR0cDovL3d3dy53My5vcmcvMjAwMC9zdmciPjwvc3ZnPg==\" class=\"lazyload\" \/><\/figure>\n","protected":false},"excerpt":{"rendered":"<p>A Funda\u00e7\u00e3o de Desenvolvimento da Crian\u00e7a e do Adolescente &#8220;Alice de Almeida&#8221; (Fundac), divulgou o resultado final da prova objetiva do concurso p\u00fablico com 400&hellip; <\/p>\n","protected":false},"author":1,"featured_media":139308,"comment_status":"closed","ping_status":"closed","sticky":false,"template":"","format":"standard","meta":{"sfsi_plus_gutenberg_text_before_share":"","sfsi_plus_gutenberg_show_text_before_share":"","sfsi_plus_gutenberg_icon_type":"","sfsi_plus_gutenberg_icon_alignemt":"","sfsi_plus_gutenburg_max_per_row":"","footnotes":""},"categories":[2],"tags":[],"class_list":["post-139306","post","type-post","status-publish","format-standard","has-post-thumbnail","hentry","category-geral"],"_links":{"self":[{"href":"https:\/\/www.caririemacao.com\/1\/wp-json\/wp\/v2\/posts\/139306","targetHints":{"allow":["GET"]}}],"collection":[{"href":"https:\/\/www.caririemacao.com\/1\/wp-json\/wp\/v2\/posts"}],"about":[{"href":"https:\/\/www.caririemacao.com\/1\/wp-json\/wp\/v2\/types\/post"}],"author":[{"embeddable":true,"href":"https:\/\/www.caririemacao.com\/1\/wp-json\/wp\/v2\/users\/1"}],"replies":[{"embeddable":true,"href":"https:\/\/www.caririemacao.com\/1\/wp-json\/wp\/v2\/comments?post=139306"}],"version-history":[{"count":1,"href":"https:\/\/www.caririemacao.com\/1\/wp-json\/wp\/v2\/posts\/139306\/revisions"}],"predecessor-version":[{"id":139309,"href":"https:\/\/www.caririemacao.com\/1\/wp-json\/wp\/v2\/posts\/139306\/revisions\/139309"}],"wp:featuredmedia":[{"embeddable":true,"href":"https:\/\/www.caririemacao.com\/1\/wp-json\/wp\/v2\/media\/139308"}],"wp:attachment":[{"href":"https:\/\/www.caririemacao.com\/1\/wp-json\/wp\/v2\/media?parent=139306"}],"wp:term":[{"taxonomy":"category","embeddable":true,"href":"https:\/\/www.caririemacao.com\/1\/wp-json\/wp\/v2\/categories?post=139306"},{"taxonomy":"post_tag","embeddable":true,"href":"https:\/\/www.caririemacao.com\/1\/wp-json\/wp\/v2\/tags?post=139306"}],"curies":[{"name":"wp","href":"https:\/\/api.w.org\/{rel}","templated":true}]}}