{"id":139331,"date":"2019-12-04T07:40:34","date_gmt":"2019-12-04T10:40:34","guid":{"rendered":"http:\/\/www.caririemacao.com\/1\/?p=139331"},"modified":"2019-12-04T07:40:34","modified_gmt":"2019-12-04T10:40:34","slug":"anvisa-libera-venda-de-produtos-derivados-da-cannabis-no-brasil-plantio-continua-proibido","status":"publish","type":"post","link":"https:\/\/www.caririemacao.com\/1\/2019\/12\/04\/anvisa-libera-venda-de-produtos-derivados-da-cannabis-no-brasil-plantio-continua-proibido\/","title":{"rendered":"Anvisa libera venda de produtos derivados da Cannabis no Brasil; plantio continua proibido"},"content":{"rendered":"\n<p>A Anvisa, Ag\u00eancia Nacional de Vigil\u00e2ncia Sanit\u00e1ria, negou o plantio de maconha para uso medicinal, mas autorizou a fabrica\u00e7\u00e3o de produtos derivados da Cannabis.<\/p>\n\n\n\n<p><br>A decis\u00e3o desta ter\u00e7a-feira estabelece uma s\u00e9rie de requisitos para a regulariza\u00e7\u00e3o de produtos derivados de Cannabis no Brasil.<\/p>\n\n\n\n<p><br>A regulamenta\u00e7\u00e3o aprovada ser\u00e1 publicada no Di\u00e1rio Oficial da Uni\u00e3o nos pr\u00f3ximos dias, e entrar\u00e1 em vigor 90 dias ap\u00f3s a publica\u00e7\u00e3o.<\/p>\n\n\n\n<p><br>A comercializa\u00e7\u00e3o dos produtos derivados de Cannabis no pa\u00eds ser\u00e1 feita exclusivamente em farm\u00e1cias e drogarias, sem manipula\u00e7\u00e3o e mediante prescri\u00e7\u00e3o m\u00e9dica.<\/p>\n\n\n\n<p><br>Os medicamentos ser\u00e3o tarja preta, e ter\u00e3o nas embalagens avisos como \u201cO uso desse produto pode causar depend\u00eancia f\u00edsica ou ps\u00edquica\u201d.<\/p>\n\n\n\n<p><br>De acordo com a psiquiatra Ana Hourie, o processo ainda deve demorar alguns meses.<\/p>\n\n\n\n<p><br>\u201cNo curto prazo n\u00e3o vai mudar nada, mas para o ano que vem provavelmente a gente vai poder prescrever uma s\u00e9rie de produtos usando as receitas azul e amarela, como se faz com medica\u00e7\u00e3o controlada. Isso \u00e9 um avan\u00e7o, porque n\u00e3o vai mais precisar fazer a importa\u00e7\u00e3o, ent\u00e3o n\u00e3o vai demorar mais tanto tempo para conseguir o produto, pois ele estar\u00e1 dispon\u00edvel na farm\u00e1cia, mas ainda assim os pre\u00e7os devem ser muito altos\u201d.<\/p>\n\n\n\n<p><br>Para a psiquiatra, a libera\u00e7\u00e3o do cultivo no Brasil, para fins medicinais &#8211; que n\u00e3o foi aprovado pela Anvisa &#8211; poderia ampliar o acesso do medicamento \u00e0 popula\u00e7\u00e3o de baixa renda.<\/p>\n\n\n\n<p><br>H\u00e1 tr\u00eas meses, a baiana Elda Oliveira observou os efeitos do \u00f3leo de canabidiol com THC &#8211; princ\u00edpio ativo mais potente da planta da maconha &#8211; em seu filho autista.<\/p>\n\n\n\n<p><br>\u201cEle falava algumas palavras, agora est\u00e1 falando um pouquinho mais de frases. O comportamento dele, tamb\u00e9m, a gente notou uma certa melhora, obedi\u00eancia a comandos. Houve melhora tamb\u00e9m na escola. Na \u00e9poca em que a gente come\u00e7ou a usar, a gente tinha um problema s\u00e9rio com ele que era a agressividade. Ele batia nos coleguinhas, nos professores, na gente mesmo. E isso melhorou muito, hoje ele n\u00e3o bate mais\u201d.<\/p>\n\n\n\n<p><br>Elda espera que outras m\u00e3es tenham acesso aos produtos. Ela adquire o \u00f3leo fabricado pela Abrace \u2013 Associa\u00e7\u00e3o Brasileira de Apoio Cannabis Esperan\u00e7a \u2013 que conseguiu na Justi\u00e7a brasileira a autoriza\u00e7\u00e3o definitiva para cultivar a Cannabis para fins medicinais.<\/p>\n\n\n\n<p><br>A decis\u00e3o da diretoria da Anvisa dever\u00e1 ser revisada em at\u00e9 tr\u00eas anos.<\/p>\n","protected":false},"excerpt":{"rendered":"<p>A Anvisa, Ag\u00eancia Nacional de Vigil\u00e2ncia Sanit\u00e1ria, negou o plantio de maconha para uso medicinal, mas autorizou a fabrica\u00e7\u00e3o de produtos derivados da Cannabis. A&hellip; <\/p>\n","protected":false},"author":1,"featured_media":110916,"comment_status":"closed","ping_status":"closed","sticky":false,"template":"","format":"standard","meta":{"sfsi_plus_gutenberg_text_before_share":"","sfsi_plus_gutenberg_show_text_before_share":"","sfsi_plus_gutenberg_icon_type":"","sfsi_plus_gutenberg_icon_alignemt":"","sfsi_plus_gutenburg_max_per_row":"","footnotes":""},"categories":[2],"tags":[],"class_list":["post-139331","post","type-post","status-publish","format-standard","has-post-thumbnail","hentry","category-geral"],"_links":{"self":[{"href":"https:\/\/www.caririemacao.com\/1\/wp-json\/wp\/v2\/posts\/139331","targetHints":{"allow":["GET"]}}],"collection":[{"href":"https:\/\/www.caririemacao.com\/1\/wp-json\/wp\/v2\/posts"}],"about":[{"href":"https:\/\/www.caririemacao.com\/1\/wp-json\/wp\/v2\/types\/post"}],"author":[{"embeddable":true,"href":"https:\/\/www.caririemacao.com\/1\/wp-json\/wp\/v2\/users\/1"}],"replies":[{"embeddable":true,"href":"https:\/\/www.caririemacao.com\/1\/wp-json\/wp\/v2\/comments?post=139331"}],"version-history":[{"count":1,"href":"https:\/\/www.caririemacao.com\/1\/wp-json\/wp\/v2\/posts\/139331\/revisions"}],"predecessor-version":[{"id":139332,"href":"https:\/\/www.caririemacao.com\/1\/wp-json\/wp\/v2\/posts\/139331\/revisions\/139332"}],"wp:featuredmedia":[{"embeddable":true,"href":"https:\/\/www.caririemacao.com\/1\/wp-json\/wp\/v2\/media\/110916"}],"wp:attachment":[{"href":"https:\/\/www.caririemacao.com\/1\/wp-json\/wp\/v2\/media?parent=139331"}],"wp:term":[{"taxonomy":"category","embeddable":true,"href":"https:\/\/www.caririemacao.com\/1\/wp-json\/wp\/v2\/categories?post=139331"},{"taxonomy":"post_tag","embeddable":true,"href":"https:\/\/www.caririemacao.com\/1\/wp-json\/wp\/v2\/tags?post=139331"}],"curies":[{"name":"wp","href":"https:\/\/api.w.org\/{rel}","templated":true}]}}