{"id":139336,"date":"2019-12-04T08:33:02","date_gmt":"2019-12-04T11:33:02","guid":{"rendered":"http:\/\/www.caririemacao.com\/1\/?p=139336"},"modified":"2019-12-04T08:33:02","modified_gmt":"2019-12-04T11:33:02","slug":"congresso-mantem-veto-a-propaganda-partidaria-na-tv-e-no-radio","status":"publish","type":"post","link":"https:\/\/www.caririemacao.com\/1\/2019\/12\/04\/congresso-mantem-veto-a-propaganda-partidaria-na-tv-e-no-radio\/","title":{"rendered":"Congresso mant\u00e9m veto a propaganda partid\u00e1ria na TV e no r\u00e1dio"},"content":{"rendered":"\n<p><br>O Congresso Nacional manteve, na noite de hoje (3), o veto presidencial \u00e0 recria\u00e7\u00e3o da propaganda partid\u00e1ria semestral na televis\u00e3o e no r\u00e1dio. A vota\u00e7\u00e3o ocorreu em sess\u00e3o conjunta da C\u00e2mara e do Senado. O veto chegou a ser derrubado pelos deputados, mas foi mantido no Senado, por uma margem estreita.<\/p>\n\n\n\n<p>Para ser derrubado, um veto precisa ter maioria absoluta em ambas as Casas \u2013 41 votos no Senado e 257 votos na C\u00e2mara. Entre os deputados, foram 277 votos pela derrubada do veto, mas no Senado foram apenas 39, mantendo assim o veto presidencial.<\/p>\n\n\n\n<p>A propaganda partid\u00e1ria na TV e no r\u00e1dio foi extinta em 2017. Eram propagandas veiculadas semestralmente pelos partidos, fora do per\u00edodo eleitoral. De acordo com parlamentares favor\u00e1veis ao veto, a medida custaria R$ 460 milh\u00f5es por ano aos cofres p\u00fablicos.<\/p>\n\n\n\n<p>Partidos como o Novo, autor do destaque, Podemos e Rede se posicionaram a favor do veto. J\u00e1 os partidos maiores, muitos do chamado \u201ccentr\u00e3o\u201d, foram derrotados.<\/p>\n\n\n\n<p>O destaque seguinte propunha a manuten\u00e7\u00e3o do veto sobre o uso do fundo eleitoral para pagamento de multas eleitorais. Al\u00e9m disso, o destaque, apresentado pela Rede, tamb\u00e9m defendia a manuten\u00e7\u00e3o de outro veto presidencial \u2013 o que impedia mudan\u00e7as nas condi\u00e7\u00f5es de inelegibilidade, no contexto da Lei da Ficha Limpa.<\/p>\n\n\n\n<p>V\u00e1rios partidos ent\u00e3o \u2013 como PT, PL, PSD, Republicanos, PSDB, PSB, PDT, DEM, Solidariedade e PCdoB \u2013 obstru\u00edram a vota\u00e7\u00e3o, obrigando o presidente do Congresso, senador Davi Alcolumbre, a encerrar a sess\u00e3o.<\/p>\n","protected":false},"excerpt":{"rendered":"<p>O Congresso Nacional manteve, na noite de hoje (3), o veto presidencial \u00e0 recria\u00e7\u00e3o da propaganda partid\u00e1ria semestral na televis\u00e3o e no r\u00e1dio. A vota\u00e7\u00e3o&hellip; <\/p>\n","protected":false},"author":1,"featured_media":108947,"comment_status":"closed","ping_status":"closed","sticky":false,"template":"","format":"standard","meta":{"sfsi_plus_gutenberg_text_before_share":"","sfsi_plus_gutenberg_show_text_before_share":"","sfsi_plus_gutenberg_icon_type":"","sfsi_plus_gutenberg_icon_alignemt":"","sfsi_plus_gutenburg_max_per_row":"","footnotes":""},"categories":[11],"tags":[],"class_list":["post-139336","post","type-post","status-publish","format-standard","has-post-thumbnail","hentry","category-politica"],"_links":{"self":[{"href":"https:\/\/www.caririemacao.com\/1\/wp-json\/wp\/v2\/posts\/139336","targetHints":{"allow":["GET"]}}],"collection":[{"href":"https:\/\/www.caririemacao.com\/1\/wp-json\/wp\/v2\/posts"}],"about":[{"href":"https:\/\/www.caririemacao.com\/1\/wp-json\/wp\/v2\/types\/post"}],"author":[{"embeddable":true,"href":"https:\/\/www.caririemacao.com\/1\/wp-json\/wp\/v2\/users\/1"}],"replies":[{"embeddable":true,"href":"https:\/\/www.caririemacao.com\/1\/wp-json\/wp\/v2\/comments?post=139336"}],"version-history":[{"count":1,"href":"https:\/\/www.caririemacao.com\/1\/wp-json\/wp\/v2\/posts\/139336\/revisions"}],"predecessor-version":[{"id":139337,"href":"https:\/\/www.caririemacao.com\/1\/wp-json\/wp\/v2\/posts\/139336\/revisions\/139337"}],"wp:featuredmedia":[{"embeddable":true,"href":"https:\/\/www.caririemacao.com\/1\/wp-json\/wp\/v2\/media\/108947"}],"wp:attachment":[{"href":"https:\/\/www.caririemacao.com\/1\/wp-json\/wp\/v2\/media?parent=139336"}],"wp:term":[{"taxonomy":"category","embeddable":true,"href":"https:\/\/www.caririemacao.com\/1\/wp-json\/wp\/v2\/categories?post=139336"},{"taxonomy":"post_tag","embeddable":true,"href":"https:\/\/www.caririemacao.com\/1\/wp-json\/wp\/v2\/tags?post=139336"}],"curies":[{"name":"wp","href":"https:\/\/api.w.org\/{rel}","templated":true}]}}