{"id":139341,"date":"2019-12-04T08:36:41","date_gmt":"2019-12-04T11:36:41","guid":{"rendered":"http:\/\/www.caririemacao.com\/1\/?p=139341"},"modified":"2019-12-04T08:37:13","modified_gmt":"2019-12-04T11:37:13","slug":"paraibano-que-sumiu-no-onibus-fica-em-sume-e-familia-descobre-divulgando-pela-internet","status":"publish","type":"post","link":"https:\/\/www.caririemacao.com\/1\/2019\/12\/04\/paraibano-que-sumiu-no-onibus-fica-em-sume-e-familia-descobre-divulgando-pela-internet\/","title":{"rendered":"Paraibano que sumiu no \u00f4nibus fica em Sum\u00e9 e fam\u00edlia descobre divulgando pela internet"},"content":{"rendered":"\n<div class=\"wp-block-image\"><figure class=\"aligncenter\"><img decoding=\"async\" data-src=\"http:\/\/deolhonocariri.com.br\/wp-content\/uploads\/2019\/12\/79600151_1417236771773824_8701093847473586176_n-1.png\" alt=\"\" class=\"wp-image-74751 lazyload\" src=\"data:image\/svg+xml;base64,PHN2ZyB3aWR0aD0iMSIgaGVpZ2h0PSIxIiB4bWxucz0iaHR0cDovL3d3dy53My5vcmcvMjAwMC9zdmciPjwvc3ZnPg==\" \/><\/figure><\/div>\n\n\n\n<p>Um desfecho para o sumi\u00e7o do paraibano Edvan Pereira da Silva, 61 anos. Ele saiu de S\u00e3o Paulo no \u00faltimo s\u00e1bado (30) com destino \u00e0 Para\u00edba num \u00f4nibus da via\u00e7\u00e3o Guanabara, que deveria chegar em Campina Grande na segunda-feira (2). Na verdade, Edvan resolveu ficar na cidade de Sum\u00e9, no Cariri.<\/p>\n\n\n\n<p>A fam\u00edlia dele descobriu atrav\u00e9s de uma divulga\u00e7\u00e3o pelas redes sociais e at\u00e9 sites de vendas, como a OLX. Segundo a sobrinha dele, Patr\u00edcia, Edvan viajava de volta para a Para\u00edba enviado por alguns conhecidos, ou seja, meio a contragosto.<\/p>\n\n\n\n<p>\u201cEle vivia meio afastado, mais na rua do que em casa. Ele tem fam\u00edlia e tudo l\u00e1 em S\u00e3o Paulo, toma rem\u00e9dio para press\u00e3o arterial, mas bebe muito. Um amigo dele, que \u00e9 daqui, que mora l\u00e1 em S\u00e3o Paulo, que se solidarizou com a vida dele l\u00e1, arrumou tudo para mandar ele para c\u00e1 porque a situa\u00e7\u00e3o dele era de rua\u201d, contou.<\/p>\n\n\n\n<p>A fam\u00edlia da Para\u00edba chegou a procur\u00e1-lo em Serra Talhada, onde foi dito que ele tinha ficado. \u201cEle ficou por que quis em Sum\u00e9. Consegui at\u00e9 falar com o motorista do \u00f4nibus e ele informou que tinha chamado ele, buzinado, insistido com Edvan para ele subir, mas ela n\u00e3o quis vir, ficou l\u00e1 por que quis\u201d, disse.<\/p>\n\n\n\n<p>Patr\u00edcia informou que a os familiares j\u00e1 est\u00e3o conformados e v\u00e3o deix\u00e1-lo viver onde ele quiser. \u201cAqui, a gente j\u00e1 est\u00e1 tudo de cabe\u00e7a fria. A ex-mulher dele j\u00e1 sabe, todo mundo j\u00e1 sabe que ele est\u00e1 bem e que ficou l\u00e1 por querer\u201d, concluiu.<\/p>\n\n\n\n<p><em>Com Para\u00edba Debate<\/em><\/p>\n","protected":false},"excerpt":{"rendered":"<p>Um desfecho para o sumi\u00e7o do paraibano Edvan Pereira da Silva, 61 anos. Ele saiu de S\u00e3o Paulo no \u00faltimo s\u00e1bado (30) com destino \u00e0&hellip; <\/p>\n","protected":false},"author":1,"featured_media":139342,"comment_status":"closed","ping_status":"closed","sticky":false,"template":"","format":"standard","meta":{"sfsi_plus_gutenberg_text_before_share":"","sfsi_plus_gutenberg_show_text_before_share":"","sfsi_plus_gutenberg_icon_type":"","sfsi_plus_gutenberg_icon_alignemt":"","sfsi_plus_gutenburg_max_per_row":"","footnotes":""},"categories":[2],"tags":[],"class_list":["post-139341","post","type-post","status-publish","format-standard","has-post-thumbnail","hentry","category-geral"],"_links":{"self":[{"href":"https:\/\/www.caririemacao.com\/1\/wp-json\/wp\/v2\/posts\/139341","targetHints":{"allow":["GET"]}}],"collection":[{"href":"https:\/\/www.caririemacao.com\/1\/wp-json\/wp\/v2\/posts"}],"about":[{"href":"https:\/\/www.caririemacao.com\/1\/wp-json\/wp\/v2\/types\/post"}],"author":[{"embeddable":true,"href":"https:\/\/www.caririemacao.com\/1\/wp-json\/wp\/v2\/users\/1"}],"replies":[{"embeddable":true,"href":"https:\/\/www.caririemacao.com\/1\/wp-json\/wp\/v2\/comments?post=139341"}],"version-history":[{"count":2,"href":"https:\/\/www.caririemacao.com\/1\/wp-json\/wp\/v2\/posts\/139341\/revisions"}],"predecessor-version":[{"id":139344,"href":"https:\/\/www.caririemacao.com\/1\/wp-json\/wp\/v2\/posts\/139341\/revisions\/139344"}],"wp:featuredmedia":[{"embeddable":true,"href":"https:\/\/www.caririemacao.com\/1\/wp-json\/wp\/v2\/media\/139342"}],"wp:attachment":[{"href":"https:\/\/www.caririemacao.com\/1\/wp-json\/wp\/v2\/media?parent=139341"}],"wp:term":[{"taxonomy":"category","embeddable":true,"href":"https:\/\/www.caririemacao.com\/1\/wp-json\/wp\/v2\/categories?post=139341"},{"taxonomy":"post_tag","embeddable":true,"href":"https:\/\/www.caririemacao.com\/1\/wp-json\/wp\/v2\/tags?post=139341"}],"curies":[{"name":"wp","href":"https:\/\/api.w.org\/{rel}","templated":true}]}}