{"id":139349,"date":"2019-12-04T08:42:16","date_gmt":"2019-12-04T11:42:16","guid":{"rendered":"http:\/\/www.caririemacao.com\/1\/?p=139349"},"modified":"2019-12-04T08:42:16","modified_gmt":"2019-12-04T11:42:16","slug":"psl-suspende-eduardo-bolsonaro-por-um-ano-17-deputados-sao-punidos","status":"publish","type":"post","link":"https:\/\/www.caririemacao.com\/1\/2019\/12\/04\/psl-suspende-eduardo-bolsonaro-por-um-ano-17-deputados-sao-punidos\/","title":{"rendered":"PSL suspende Eduardo Bolsonaro por um ano; 17 deputados s\u00e3o punidos"},"content":{"rendered":"\n<p>O&nbsp;PSL confirmou nesta ter\u00e7a-feira (3), a puni\u00e7\u00e3o ao deputado Eduardo Bolsonaro (PSL-SP) e outros 17 parlamentares que tentaram afastar o presidente do partido, Luciano Bivar (PE), do comando da sigla. O filho do presidente pegou a maior puni\u00e7\u00e3o e vai ficar um ano sem exercer atividades partid\u00e1rias.<\/p>\n\n\n\n<p>Eduardo Bolsonaro est\u00e1 em miss\u00e3o oficial da C\u00e2mara no Oriente M\u00e9dio e ainda n\u00e3o foi comunicado oficialmente pelo partido. Na pr\u00e1tica, o filho do presidente vai perder a lideran\u00e7a do PSL na Casa e todas as cadeiras que ocupa nas comiss\u00f5es tem\u00e1ticas da Casa, como na CPMI das Fake News, onde tem sido uma esp\u00e9cie de advogado de defesa do presidente Jair Bolsonaro.<\/p>\n\n\n\n<p>O parlamentar s\u00f3 mant\u00e9m o comando da Comiss\u00e3o de Rela\u00e7\u00f5es Exteriores e Defesa Nacional (Creden) at\u00e9 o final do ano porque foi eleito presidente e, pelo regimento da Casa, fica imune a quaisquer altera\u00e7\u00f5es feita pelo partido. Em 2020, ele fica impedido de disputar cadeiras nos colegiados tem\u00e1ticos da C\u00e2mara.<\/p>\n\n\n\n<p>Al\u00e9m de Eduardo, outros 17 deputados que assinaram o manifesto contra Bivar foram punidos. As penas v\u00e3o de advert\u00eancia at\u00e9 suspens\u00e3o das atividades partid\u00e1rias por 12 meses e foram recomendadas pela Executiva Nacional da legenda na semana passada. Nesta ter\u00e7a-feira, o diret\u00f3rio homologou as puni\u00e7\u00f5es.<\/p>\n\n\n\n<p>A suspens\u00e3o de Eduardo e de aliados \u00e9 uma derrota para a ala ligada ao presidente Jair Bolsonaro, que queria a expuls\u00e3o para conseguir sair do partido sem perder o mandato. Em entrevista \u00e0 R\u00e1dio Eldorado na ter\u00e7a-feira passada, a advogada da fam\u00edlia Bolsonaro e tesoureira do Alian\u00e7a pelo Brasil, Karina Kufa, afirmou que seria \u201cum favor\u201d retirarem eles da legenda.<\/p>\n\n\n\n<p>Segundo Karina, o PSL tem adotado uma t\u00e1tica de abrir v\u00e1rios processos de expuls\u00e3o contra os parlamentares aliados de Bolsonaro para provocar \u201cmedo e terror\u201d. \u201cEst\u00e3o fazendo isso para vir com penalidades que s\u00f3 visam criar um processo vexat\u00f3rio, n\u00e3o um processo democr\u00e1tico. Se n\u00e3o est\u00e1 satisfeito com o parlamentar, expulse e deixe ele viver a vida em outro partido\u201d, afirmou a advogada na entrevista.<\/p>\n\n\n\n<p>Os punidos j\u00e1 anunciaram a inten\u00e7\u00e3o de migrar seus mandatos para o Alian\u00e7a pelo Brasil, partido fundado pelo presidente no m\u00eas passado. A nova legenda ainda n\u00e3o foi reconhecida pelo Tribunal Superior Eleitoral.<\/p>\n\n\n\n<p>A debandada do grupo pol\u00edtico de Bolsonaro do PSL ocorre ap\u00f3s diverg\u00eancias com o presidente da sigla, deputado Luciano Bivar (PE). O PSL deixou de ser nanico ap\u00f3s eleger 52 deputados no ano passado \u2013 deve receber algo pr\u00f3ximo de R$ 1 bilh\u00e3o em recursos p\u00fablicos at\u00e9 2022. A inten\u00e7\u00e3o do grupo do presidente era afastar Bivar para poder dar as cartas na distribui\u00e7\u00e3o do dinheiro. Mas a manobra n\u00e3o foi bem sucedida e obrigou Bolsonaro a sair da legenda.<\/p>\n\n\n\n<p>Veja as puni\u00e7\u00f5es previstas para cada deputado:<\/p>\n\n\n\n<p>Bibo Nunes (PSL-RS): 12 meses<\/p>\n\n\n\n<p>Al\u00ea Silva (PSL-MG): 12 meses<\/p>\n\n\n\n<p>Bia Kicis (PSL-DF): 6 meses<\/p>\n\n\n\n<p>Carla Zambelli (PSL-SP) : 6 meses<\/p>\n\n\n\n<p>Carlos Jordy (PSL-RJ): 7 meses<\/p>\n\n\n\n<p>Daniel Silveira (PSL-RJ): 12 meses<\/p>\n\n\n\n<p>Eduardo Bolsonaro (PSL-SP): 12 meses<\/p>\n\n\n\n<p>General Gir\u00e3o (PSL-RN): 3 meses<\/p>\n\n\n\n<p>Filipe Barros (PSL-PR): 6 meses<\/p>\n\n\n\n<p>Junio Amaral (PSL-MG): 3 meses<\/p>\n\n\n\n<p>Luiz Philippe de \u00d3rleans e Bragan\u00e7a (PSL-SP): 3 meses<\/p>\n\n\n\n<p>M\u00e1rcio Labre (PSL-RJ): 6 meses<\/p>\n\n\n\n<p>Sanderson (PSL-RS): 10 meses<\/p>\n\n\n\n<p>Vitor Hugo (PSL-GO): 7 meses<\/p>\n\n\n\n<p>A Executiva Nacional tamb\u00e9m indicou advert\u00eancia para outros quatro deputados. S\u00e3o eles:<\/p>\n\n\n\n<p>Aline Sleutjes (PSL-PR)<\/p>\n\n\n\n<p>Chris Tonietto (PSL-SC)<\/p>\n\n\n\n<p>H\u00e9lio Lopes (PSL-RJ)<\/p>\n\n\n\n<p>Coronel Armando (PSL-SC)<\/p>\n\n\n\n<p><em>UOL<\/em><\/p>\n","protected":false},"excerpt":{"rendered":"<p>O&nbsp;PSL confirmou nesta ter\u00e7a-feira (3), a puni\u00e7\u00e3o ao deputado Eduardo Bolsonaro (PSL-SP) e outros 17 parlamentares que tentaram afastar o presidente do partido, Luciano Bivar&hellip; <\/p>\n","protected":false},"author":1,"featured_media":128717,"comment_status":"closed","ping_status":"closed","sticky":false,"template":"","format":"standard","meta":{"sfsi_plus_gutenberg_text_before_share":"","sfsi_plus_gutenberg_show_text_before_share":"","sfsi_plus_gutenberg_icon_type":"","sfsi_plus_gutenberg_icon_alignemt":"","sfsi_plus_gutenburg_max_per_row":"","footnotes":""},"categories":[11],"tags":[],"class_list":["post-139349","post","type-post","status-publish","format-standard","has-post-thumbnail","hentry","category-politica"],"_links":{"self":[{"href":"https:\/\/www.caririemacao.com\/1\/wp-json\/wp\/v2\/posts\/139349","targetHints":{"allow":["GET"]}}],"collection":[{"href":"https:\/\/www.caririemacao.com\/1\/wp-json\/wp\/v2\/posts"}],"about":[{"href":"https:\/\/www.caririemacao.com\/1\/wp-json\/wp\/v2\/types\/post"}],"author":[{"embeddable":true,"href":"https:\/\/www.caririemacao.com\/1\/wp-json\/wp\/v2\/users\/1"}],"replies":[{"embeddable":true,"href":"https:\/\/www.caririemacao.com\/1\/wp-json\/wp\/v2\/comments?post=139349"}],"version-history":[{"count":1,"href":"https:\/\/www.caririemacao.com\/1\/wp-json\/wp\/v2\/posts\/139349\/revisions"}],"predecessor-version":[{"id":139351,"href":"https:\/\/www.caririemacao.com\/1\/wp-json\/wp\/v2\/posts\/139349\/revisions\/139351"}],"wp:featuredmedia":[{"embeddable":true,"href":"https:\/\/www.caririemacao.com\/1\/wp-json\/wp\/v2\/media\/128717"}],"wp:attachment":[{"href":"https:\/\/www.caririemacao.com\/1\/wp-json\/wp\/v2\/media?parent=139349"}],"wp:term":[{"taxonomy":"category","embeddable":true,"href":"https:\/\/www.caririemacao.com\/1\/wp-json\/wp\/v2\/categories?post=139349"},{"taxonomy":"post_tag","embeddable":true,"href":"https:\/\/www.caririemacao.com\/1\/wp-json\/wp\/v2\/tags?post=139349"}],"curies":[{"name":"wp","href":"https:\/\/api.w.org\/{rel}","templated":true}]}}