{"id":139360,"date":"2019-12-04T08:47:59","date_gmt":"2019-12-04T11:47:59","guid":{"rendered":"http:\/\/www.caririemacao.com\/1\/?p=139360"},"modified":"2019-12-04T08:47:59","modified_gmt":"2019-12-04T11:47:59","slug":"pessoas-com-deficiencia-podem-tirar-passe-livre-para-viagens-pela-internet","status":"publish","type":"post","link":"https:\/\/www.caririemacao.com\/1\/2019\/12\/04\/pessoas-com-deficiencia-podem-tirar-passe-livre-para-viagens-pela-internet\/","title":{"rendered":"Pessoas com defici\u00eancia podem tirar Passe Livre para viagens pela internet"},"content":{"rendered":"\n<p>Pessoas com defici\u00eancia agora podem obter o passe livre para viagens rodovi\u00e1rias, aquavi\u00e1rias e ferrovi\u00e1rias interestaduais pela&nbsp;<a href=\"https:\/\/www.gov.br\/pt-br\/servicos\/obter-passe-livre\" target=\"_blank\" rel=\"noreferrer noopener\">internet<\/a>, no&nbsp;portal&nbsp;<a href=\"https:\/\/www.gov.br\/pt-br\" target=\"_blank\" rel=\"noreferrer noopener\">gov.br<\/a>.<\/p>\n\n\n\n<p>Antes do novo sistema, era necess\u00e1rio que a pessoa com defici\u00eancia obtivesse uma comprova\u00e7\u00e3o de renda no Instituto Nacional do Seguro Social (INSS) e apresentasse um atestado m\u00e9dico em uma unidade de sa\u00fade. Agora todas as pessoas com defici\u00eancia e j\u00e1 cadastradas no Benef\u00edcio de Presta\u00e7\u00e3o Continuada da Assist\u00eancia Social (BPC) que j\u00e1 comprovaram renda e condi\u00e7\u00e3o f\u00edsica, passam a solicitar e obter a autoriza\u00e7\u00e3o via online do Passe Livre Interestadual.<\/p>\n\n\n\n<p>O novo modelo come\u00e7a a ser aplicado de imediato no Distrito Federal e ser\u00e1 levado na sequ\u00eancia \u00e0s demais unidades da Federa\u00e7\u00e3o. Atualmente, no Brasil, h\u00e1 aproximadamente 210 mil pessoas com defici\u00eancia cadastradas para utilizar passe livre em viagens interestaduais, mas com o novo sistema a expectativa do governo \u00e9 que o n\u00famero chegue a 2,5 milh\u00f5es.<\/p>\n\n\n\n<p>Em nota, o secret\u00e1rio de Governo Digital, Lu\u00eds Felipe Monteiro, detalhou que os sistemas passaram a conversar. \u201dDesta vez, chegamos a um cidad\u00e3o que, por diferentes motivos, como defici\u00eancia visual, auditiva ou de mobilidade, carecia muito desse servi\u00e7o\u201d.<\/p>\n\n\n\n<p>A medida, divulgada hoje (3),&nbsp;Dia Internacional da Pessoa com Defici\u00eancia,&nbsp;\u00e9 uma parceria entre o Minist\u00e9rio da Infraestrutura, a Secretaria de Governo Digital do Minist\u00e9rio da Economia, o Instituto Nacional do Seguro Social (INSS) e o Dataprev.<\/p>\n\n\n\n<h2 class=\"wp-block-heading\">Economia<\/h2>\n\n\n\n<p>Desde janeiro, 486 servi\u00e7os do governo federal foram transformados em digitais, com uma economia estimada de R$ 1,7 bilh\u00e3o por ano.<\/p>\n\n\n\n<p>Com a solicita\u00e7\u00e3o do servi\u00e7o digital, a estimativa \u00e9 de economia total em torno de R$ 100 milh\u00f5es ao ano para o cidad\u00e3o, considerando os custos com transporte e tempo que deixa de despender para a autoriza\u00e7\u00e3o do passe livre. A redu\u00e7\u00e3o estimada \u00e9 de 47% no custo para cada pessoa com defici\u00eancia.<\/p>\n\n\n\n<p>Fonte: Ag\u00eancia Brasil<\/p>\n","protected":false},"excerpt":{"rendered":"<p>Pessoas com defici\u00eancia agora podem obter o passe livre para viagens rodovi\u00e1rias, aquavi\u00e1rias e ferrovi\u00e1rias interestaduais pela&nbsp;internet, no&nbsp;portal&nbsp;gov.br. Antes do novo sistema, era necess\u00e1rio que&hellip; <\/p>\n","protected":false},"author":1,"featured_media":98547,"comment_status":"closed","ping_status":"closed","sticky":false,"template":"","format":"standard","meta":{"sfsi_plus_gutenberg_text_before_share":"","sfsi_plus_gutenberg_show_text_before_share":"","sfsi_plus_gutenberg_icon_type":"","sfsi_plus_gutenberg_icon_alignemt":"","sfsi_plus_gutenburg_max_per_row":"","footnotes":""},"categories":[2],"tags":[],"class_list":["post-139360","post","type-post","status-publish","format-standard","has-post-thumbnail","hentry","category-geral"],"_links":{"self":[{"href":"https:\/\/www.caririemacao.com\/1\/wp-json\/wp\/v2\/posts\/139360","targetHints":{"allow":["GET"]}}],"collection":[{"href":"https:\/\/www.caririemacao.com\/1\/wp-json\/wp\/v2\/posts"}],"about":[{"href":"https:\/\/www.caririemacao.com\/1\/wp-json\/wp\/v2\/types\/post"}],"author":[{"embeddable":true,"href":"https:\/\/www.caririemacao.com\/1\/wp-json\/wp\/v2\/users\/1"}],"replies":[{"embeddable":true,"href":"https:\/\/www.caririemacao.com\/1\/wp-json\/wp\/v2\/comments?post=139360"}],"version-history":[{"count":1,"href":"https:\/\/www.caririemacao.com\/1\/wp-json\/wp\/v2\/posts\/139360\/revisions"}],"predecessor-version":[{"id":139362,"href":"https:\/\/www.caririemacao.com\/1\/wp-json\/wp\/v2\/posts\/139360\/revisions\/139362"}],"wp:featuredmedia":[{"embeddable":true,"href":"https:\/\/www.caririemacao.com\/1\/wp-json\/wp\/v2\/media\/98547"}],"wp:attachment":[{"href":"https:\/\/www.caririemacao.com\/1\/wp-json\/wp\/v2\/media?parent=139360"}],"wp:term":[{"taxonomy":"category","embeddable":true,"href":"https:\/\/www.caririemacao.com\/1\/wp-json\/wp\/v2\/categories?post=139360"},{"taxonomy":"post_tag","embeddable":true,"href":"https:\/\/www.caririemacao.com\/1\/wp-json\/wp\/v2\/tags?post=139360"}],"curies":[{"name":"wp","href":"https:\/\/api.w.org\/{rel}","templated":true}]}}