{"id":139366,"date":"2019-12-04T08:49:29","date_gmt":"2019-12-04T11:49:29","guid":{"rendered":"http:\/\/www.caririemacao.com\/1\/?p=139366"},"modified":"2019-12-04T08:49:29","modified_gmt":"2019-12-04T11:49:29","slug":"veja-mitos-e-verdades-sobre-o-pos-parto","status":"publish","type":"post","link":"https:\/\/www.caririemacao.com\/1\/2019\/12\/04\/veja-mitos-e-verdades-sobre-o-pos-parto\/","title":{"rendered":"Veja: Mitos e verdades sobre o P\u00f3s-Parto"},"content":{"rendered":"\n<p>Depois de nove meses de espera, ou \u00e0s vezes um pouco antes, \u00e9 chegada a hora&nbsp;da m\u00e3e ver&nbsp;a carinha do beb\u00ea, que s\u00f3 conhecia pelas imagens do ultrassom. Essa fase inaugura&nbsp;outra etapa repleta de descobertas: o choro \u00e9 de fome, de sono ou um pedido de aten\u00e7\u00e3o? O leite vai ser suficiente? Qual \u00e9 o intervalo ideal para as mamadas?<\/p>\n\n\n\n<p>A aten\u00e7\u00e3o ao rec\u00e9m-nascido \u00e9 essencial, mas nos primeiros 42 dias ap\u00f3s o parto, conhecidos como&nbsp;<em>puerp\u00e9rio<\/em>,&nbsp;as mulheres&nbsp;tamb\u00e9m precisam&nbsp;ficar atentas \u00e0 pr\u00f3pria sa\u00fade para n\u00e3o entrarem nas estat\u00edsticas dos servi\u00e7os de emerg\u00eancias dos hospitais.<\/p>\n\n\n\n<p>Pesquisadores da&nbsp;Universidade&nbsp;Johns&nbsp;Hopkins, nos Estados Unidos,&nbsp;descobriram, ao longo de oito anos de pesquisas com&nbsp;26 mil mulheres, que as m\u00e3es n\u00e3o fazem o devido acompanhamento m\u00e9dico no p\u00f3s-parto. E no Brasil, a realidade n\u00e3o \u00e9 diferente.<\/p>\n\n\n\n<p><strong>1 \u2013 A&nbsp;vagina&nbsp;aumenta depois do parto?<\/strong><\/p>\n\n\n\n<p><strong>Mito.<\/strong>&nbsp;A vagina tem&nbsp;uma certa&nbsp;elasticidade e se alarga para a passagem do beb\u00ea, mas pouco a pouco volta ao normal.<\/p>\n\n\n\n<p><strong>2&nbsp;\u2013&nbsp;No p\u00f3s-parto, a lubrifica\u00e7\u00e3o vaginal diminui?<\/strong><\/p>\n\n\n\n<p><strong>Verdade.<\/strong>&nbsp;Com a eleva\u00e7\u00e3o da prolactina devido \u00e0 amamenta\u00e7\u00e3o, a tend\u00eancia \u00e9 haver uma secura vaginal no p\u00f3s-parto, o que pode dificultar as primeiras rela\u00e7\u00f5es sexuais depois do parto, mas isso pode ser facilmente corrigido com lubrificante. Ap\u00f3s a amamenta\u00e7\u00e3o, tudo tende a voltar ao normal.<\/p>\n\n\n\n<p><strong>3 \u2013 Depois do&nbsp;parto&nbsp;normal, o per\u00edneo perde pelo menos 50% da&nbsp;for\u00e7a muscular?<\/strong><\/p>\n\n\n\n<p><strong>Mito<\/strong>.&nbsp;N\u00e3o podemos dizer que o per\u00edneo perde 50% da for\u00e7a muscular porque isso \u00e9 muito vari\u00e1vel. A for\u00e7a muscular s\u00f3 vai ser perdida se houver les\u00e3o de fibras musculares e isso n\u00e3o ocorre em todos os partos. Para os casos em que se perde a for\u00e7a do per\u00edneo \u00e9 poss\u00edvel recuperar com fisioterapia p\u00e9lvica, alguns exerc\u00edcios espec\u00edficos para esse tipo de musculatura e, em \u00faltimo caso e dependendo do grau da les\u00e3o, com cirurgia.<\/p>\n\n\n\n<p><strong>4 \u2013 \u00c9 comum sentir dor na rela\u00e7\u00e3o sexual depois do parto?<\/strong><\/p>\n\n\n\n<p><strong>Verdade.<\/strong>&nbsp;Ap\u00f3s o parto, tanto no normal quanto na ces\u00e1rea, a mulher tende a ter um pouco mais de dor, at\u00e9 pela lubrifica\u00e7\u00e3o diminu\u00edda devido \u00e0 eleva\u00e7\u00e3o da prolactina e \u00e0 amamenta\u00e7\u00e3o. A tend\u00eancia \u00e9 pouco a pouco a mulher ir se adaptando e voltar \u00e0s condi\u00e7\u00f5es normais. \u00c0s vezes, a mulher que teve&nbsp;cesariana&nbsp;pode sentir um pouco mais de dor do que aquela que fez o parto normal, j\u00e1 que o p\u00eanis pode mexer no \u00fatero na hora em que encosta no colo do \u00fatero e dar um pouco mais de incomodo p\u00e9lvico, pois houve uma cirurgia com cortes e cicatriza\u00e7\u00f5es.<\/p>\n","protected":false},"excerpt":{"rendered":"<p>Depois de nove meses de espera, ou \u00e0s vezes um pouco antes, \u00e9 chegada a hora&nbsp;da m\u00e3e ver&nbsp;a carinha do beb\u00ea, que s\u00f3 conhecia pelas&hellip; <\/p>\n","protected":false},"author":1,"featured_media":130790,"comment_status":"closed","ping_status":"closed","sticky":false,"template":"","format":"standard","meta":{"sfsi_plus_gutenberg_text_before_share":"","sfsi_plus_gutenberg_show_text_before_share":"","sfsi_plus_gutenberg_icon_type":"","sfsi_plus_gutenberg_icon_alignemt":"","sfsi_plus_gutenburg_max_per_row":"","footnotes":""},"categories":[2],"tags":[],"class_list":["post-139366","post","type-post","status-publish","format-standard","has-post-thumbnail","hentry","category-geral"],"_links":{"self":[{"href":"https:\/\/www.caririemacao.com\/1\/wp-json\/wp\/v2\/posts\/139366","targetHints":{"allow":["GET"]}}],"collection":[{"href":"https:\/\/www.caririemacao.com\/1\/wp-json\/wp\/v2\/posts"}],"about":[{"href":"https:\/\/www.caririemacao.com\/1\/wp-json\/wp\/v2\/types\/post"}],"author":[{"embeddable":true,"href":"https:\/\/www.caririemacao.com\/1\/wp-json\/wp\/v2\/users\/1"}],"replies":[{"embeddable":true,"href":"https:\/\/www.caririemacao.com\/1\/wp-json\/wp\/v2\/comments?post=139366"}],"version-history":[{"count":1,"href":"https:\/\/www.caririemacao.com\/1\/wp-json\/wp\/v2\/posts\/139366\/revisions"}],"predecessor-version":[{"id":139367,"href":"https:\/\/www.caririemacao.com\/1\/wp-json\/wp\/v2\/posts\/139366\/revisions\/139367"}],"wp:featuredmedia":[{"embeddable":true,"href":"https:\/\/www.caririemacao.com\/1\/wp-json\/wp\/v2\/media\/130790"}],"wp:attachment":[{"href":"https:\/\/www.caririemacao.com\/1\/wp-json\/wp\/v2\/media?parent=139366"}],"wp:term":[{"taxonomy":"category","embeddable":true,"href":"https:\/\/www.caririemacao.com\/1\/wp-json\/wp\/v2\/categories?post=139366"},{"taxonomy":"post_tag","embeddable":true,"href":"https:\/\/www.caririemacao.com\/1\/wp-json\/wp\/v2\/tags?post=139366"}],"curies":[{"name":"wp","href":"https:\/\/api.w.org\/{rel}","templated":true}]}}