{"id":139375,"date":"2019-12-04T09:50:45","date_gmt":"2019-12-04T12:50:45","guid":{"rendered":"http:\/\/www.caririemacao.com\/1\/?p=139375"},"modified":"2019-12-04T09:50:45","modified_gmt":"2019-12-04T12:50:45","slug":"homem-e-preso-suspeito-de-estuprar-filha-de-dez-anos-na-paraiba","status":"publish","type":"post","link":"https:\/\/www.caririemacao.com\/1\/2019\/12\/04\/homem-e-preso-suspeito-de-estuprar-filha-de-dez-anos-na-paraiba\/","title":{"rendered":"Homem \u00e9 preso suspeito de estuprar filha de dez anos, na Para\u00edba"},"content":{"rendered":"\n<p>Um homem foi preso na noite desta ter\u00e7a-feira (03), na cidade de Ba\u00eda da Trai\u00e7\u00e3o, Litoral Norte da Para\u00edba, suspeito de estuprar as duas filhas. De acordo com a Pol\u00edcia Militar, a pris\u00e3o aconteceu sob for\u00e7a de um mandado de pris\u00e3o expedido pela Comarca do munic\u00edpio.<\/p>\n\n\n\n<p>Conforme as informa\u00e7\u00f5es da pol\u00edcia, o primeiro estupro aconteceu h\u00e1 quatro anos, quando uma das filhas do suspeito tinha dez anos. No entanto, o crime s\u00f3 foi descoberto agora. A v\u00edtima tem 14 anos.<\/p>\n\n\n\n<p>Ainda de acordo com a Pol\u00edcia Militar, o suspeito de 40 anos tamb\u00e9m tentou estuprar a outra filha, atualmente com dez anos. O suspeito foi levado para a delegacia de Mamanguape, onde aguarda por audi\u00eancia de cust\u00f3dia.<\/p>\n\n\n\n<p><em>Com G1 PB<\/em><\/p>\n","protected":false},"excerpt":{"rendered":"<p>Um homem foi preso na noite desta ter\u00e7a-feira (03), na cidade de Ba\u00eda da Trai\u00e7\u00e3o, Litoral Norte da Para\u00edba, suspeito de estuprar as duas filhas.&hellip; <\/p>\n","protected":false},"author":1,"featured_media":139376,"comment_status":"closed","ping_status":"closed","sticky":false,"template":"","format":"standard","meta":{"sfsi_plus_gutenberg_text_before_share":"","sfsi_plus_gutenberg_show_text_before_share":"","sfsi_plus_gutenberg_icon_type":"","sfsi_plus_gutenberg_icon_alignemt":"","sfsi_plus_gutenburg_max_per_row":"","footnotes":""},"categories":[12],"tags":[],"class_list":["post-139375","post","type-post","status-publish","format-standard","has-post-thumbnail","hentry","category-policia"],"_links":{"self":[{"href":"https:\/\/www.caririemacao.com\/1\/wp-json\/wp\/v2\/posts\/139375","targetHints":{"allow":["GET"]}}],"collection":[{"href":"https:\/\/www.caririemacao.com\/1\/wp-json\/wp\/v2\/posts"}],"about":[{"href":"https:\/\/www.caririemacao.com\/1\/wp-json\/wp\/v2\/types\/post"}],"author":[{"embeddable":true,"href":"https:\/\/www.caririemacao.com\/1\/wp-json\/wp\/v2\/users\/1"}],"replies":[{"embeddable":true,"href":"https:\/\/www.caririemacao.com\/1\/wp-json\/wp\/v2\/comments?post=139375"}],"version-history":[{"count":1,"href":"https:\/\/www.caririemacao.com\/1\/wp-json\/wp\/v2\/posts\/139375\/revisions"}],"predecessor-version":[{"id":139377,"href":"https:\/\/www.caririemacao.com\/1\/wp-json\/wp\/v2\/posts\/139375\/revisions\/139377"}],"wp:featuredmedia":[{"embeddable":true,"href":"https:\/\/www.caririemacao.com\/1\/wp-json\/wp\/v2\/media\/139376"}],"wp:attachment":[{"href":"https:\/\/www.caririemacao.com\/1\/wp-json\/wp\/v2\/media?parent=139375"}],"wp:term":[{"taxonomy":"category","embeddable":true,"href":"https:\/\/www.caririemacao.com\/1\/wp-json\/wp\/v2\/categories?post=139375"},{"taxonomy":"post_tag","embeddable":true,"href":"https:\/\/www.caririemacao.com\/1\/wp-json\/wp\/v2\/tags?post=139375"}],"curies":[{"name":"wp","href":"https:\/\/api.w.org\/{rel}","templated":true}]}}