{"id":139384,"date":"2019-12-04T10:00:08","date_gmt":"2019-12-04T13:00:08","guid":{"rendered":"http:\/\/www.caririemacao.com\/1\/?p=139384"},"modified":"2019-12-04T10:25:28","modified_gmt":"2019-12-04T13:25:28","slug":"cadastramento-no-sus-ocorrera-nesta-quarta-no-cdsa","status":"publish","type":"post","link":"https:\/\/www.caririemacao.com\/1\/2019\/12\/04\/cadastramento-no-sus-ocorrera-nesta-quarta-no-cdsa\/","title":{"rendered":"Cadastramento no SUS ocorrer\u00e1 nesta quarta no CDSA"},"content":{"rendered":"\n<p>quarta, das 8h \u00e0s 17h, na Central de Aulas 2, haver\u00e1 cadastramento de membros da comunidade acad\u00eamica no SUS pelos agentes de sa\u00fade do Munic\u00edpio de Sum\u00e9, em atendimento a uma determina\u00e7\u00e3o do Governo Federal.<\/p>\n\n\n\n<p>A partir de janeiro pr\u00f3ximo as verbas federais para a sa\u00fade ser\u00e1 APENAS pelo n\u00famero de cadastrados e n\u00e3o pelo total da popula\u00e7\u00e3o.<\/p>\n\n\n\n<p>Atualmente 85,39% das popula\u00e7\u00e3o do munic\u00edpio est\u00e1 cadastrada.<\/p>\n\n\n\n<p>Acesse aqui a&nbsp;<a rel=\"noreferrer noopener\" href=\"http:\/\/www.in.gov.br\/web\/dou\/-\/portaria-n-2.979-de-12-de-novembro-de-2019-227652180\" target=\"_blank\">Portaria do&nbsp;Minist\u00e9rio da Sa\u00fade<\/a>&nbsp;que trata do assunto.<\/p>\n\n\n\n<p>Not\u00edcias em destaque <\/p>\n","protected":false},"excerpt":{"rendered":"<p>quarta, das 8h \u00e0s 17h, na Central de Aulas 2, haver\u00e1 cadastramento de membros da comunidade acad\u00eamica no SUS pelos agentes de sa\u00fade do Munic\u00edpio&hellip; <\/p>\n","protected":false},"author":1,"featured_media":139386,"comment_status":"closed","ping_status":"closed","sticky":false,"template":"","format":"standard","meta":{"sfsi_plus_gutenberg_text_before_share":"","sfsi_plus_gutenberg_show_text_before_share":"","sfsi_plus_gutenberg_icon_type":"","sfsi_plus_gutenberg_icon_alignemt":"","sfsi_plus_gutenburg_max_per_row":"","footnotes":""},"categories":[16],"tags":[],"class_list":["post-139384","post","type-post","status-publish","format-standard","has-post-thumbnail","hentry","category-saude"],"_links":{"self":[{"href":"https:\/\/www.caririemacao.com\/1\/wp-json\/wp\/v2\/posts\/139384","targetHints":{"allow":["GET"]}}],"collection":[{"href":"https:\/\/www.caririemacao.com\/1\/wp-json\/wp\/v2\/posts"}],"about":[{"href":"https:\/\/www.caririemacao.com\/1\/wp-json\/wp\/v2\/types\/post"}],"author":[{"embeddable":true,"href":"https:\/\/www.caririemacao.com\/1\/wp-json\/wp\/v2\/users\/1"}],"replies":[{"embeddable":true,"href":"https:\/\/www.caririemacao.com\/1\/wp-json\/wp\/v2\/comments?post=139384"}],"version-history":[{"count":2,"href":"https:\/\/www.caririemacao.com\/1\/wp-json\/wp\/v2\/posts\/139384\/revisions"}],"predecessor-version":[{"id":139400,"href":"https:\/\/www.caririemacao.com\/1\/wp-json\/wp\/v2\/posts\/139384\/revisions\/139400"}],"wp:featuredmedia":[{"embeddable":true,"href":"https:\/\/www.caririemacao.com\/1\/wp-json\/wp\/v2\/media\/139386"}],"wp:attachment":[{"href":"https:\/\/www.caririemacao.com\/1\/wp-json\/wp\/v2\/media?parent=139384"}],"wp:term":[{"taxonomy":"category","embeddable":true,"href":"https:\/\/www.caririemacao.com\/1\/wp-json\/wp\/v2\/categories?post=139384"},{"taxonomy":"post_tag","embeddable":true,"href":"https:\/\/www.caririemacao.com\/1\/wp-json\/wp\/v2\/tags?post=139384"}],"curies":[{"name":"wp","href":"https:\/\/api.w.org\/{rel}","templated":true}]}}