{"id":139408,"date":"2019-12-04T12:36:08","date_gmt":"2019-12-04T15:36:08","guid":{"rendered":"http:\/\/www.caririemacao.com\/1\/?p=139408"},"modified":"2019-12-04T12:36:08","modified_gmt":"2019-12-04T15:36:08","slug":"prefeito-de-sao-joao-do-tigre-sera-homenageado-com-o-premio-referencia-2019","status":"publish","type":"post","link":"https:\/\/www.caririemacao.com\/1\/2019\/12\/04\/prefeito-de-sao-joao-do-tigre-sera-homenageado-com-o-premio-referencia-2019\/","title":{"rendered":"Prefeito de S\u00e3o Jo\u00e3o do Tigre ser\u00e1 homenageado com o PR\u00caMIO REFER\u00caNCIA 2019"},"content":{"rendered":"\n<p>A gest\u00e3o do prefeito de S\u00e3o Jo\u00e3o do Tigre C\u00e9lio Barbosa foi premiada novamente.<br>Desta vez em pesquisa popular realizada pela equipe do portal CARIRI EM A\u00c7\u00c3O e que resultar\u00e1 na entrega do PR\u00caMIO REFER\u00caNCIA 2019, em concorrida cerim\u00f4nia que vai acontecer no pr\u00f3ximo s\u00e1bado, dia 07, na cidade de Monteiro.<br>Al\u00e9m da aprova\u00e7\u00e3o \u00e0 sua gest\u00e3o, que beira a casa dos 90%, o gestor tamb\u00e9m foi eleito como CIDAD\u00c3O REFER\u00caNCIA em 2019 no munic\u00edpio de S\u00e3o Jo\u00e3o do Tigre.<br>A cerim\u00f4nia de entrega do PR\u00caMIO REFER\u00caNCIA,\u00a0\u00a0acontece no pr\u00f3ximo S\u00e1bado, 07, \u00e0 partir das 20 horas no Centro Cultural de Monteiro, antigo Clube Municipal.<br>O evento de premia\u00e7\u00e3o contar\u00e1 com uma grandiosa estrutura, e ter\u00e1 a transmiss\u00e3o ao vivo atrav\u00e9s dos canais e redes do portal CARIRI EM A\u00c7\u00c3O\u00a0<a href=\"http:\/\/www.caririemacao.com\/\">www.caririemacao.com<\/a><\/p>\n\n\n\n<p><\/p>\n\n\n\n<p>Blog Fabio Brito<\/p>\n","protected":false},"excerpt":{"rendered":"<p>A gest\u00e3o do prefeito de S\u00e3o Jo\u00e3o do Tigre C\u00e9lio Barbosa foi premiada novamente.Desta vez em pesquisa popular realizada pela equipe do portal CARIRI EM&hellip; <\/p>\n","protected":false},"author":1,"featured_media":22798,"comment_status":"closed","ping_status":"closed","sticky":false,"template":"","format":"standard","meta":{"sfsi_plus_gutenberg_text_before_share":"","sfsi_plus_gutenberg_show_text_before_share":"","sfsi_plus_gutenberg_icon_type":"","sfsi_plus_gutenberg_icon_alignemt":"","sfsi_plus_gutenburg_max_per_row":"","footnotes":""},"categories":[6,66],"tags":[],"class_list":["post-139408","post","type-post","status-publish","format-standard","has-post-thumbnail","hentry","category-cidades","category-premio-referencia-2019"],"_links":{"self":[{"href":"https:\/\/www.caririemacao.com\/1\/wp-json\/wp\/v2\/posts\/139408","targetHints":{"allow":["GET"]}}],"collection":[{"href":"https:\/\/www.caririemacao.com\/1\/wp-json\/wp\/v2\/posts"}],"about":[{"href":"https:\/\/www.caririemacao.com\/1\/wp-json\/wp\/v2\/types\/post"}],"author":[{"embeddable":true,"href":"https:\/\/www.caririemacao.com\/1\/wp-json\/wp\/v2\/users\/1"}],"replies":[{"embeddable":true,"href":"https:\/\/www.caririemacao.com\/1\/wp-json\/wp\/v2\/comments?post=139408"}],"version-history":[{"count":1,"href":"https:\/\/www.caririemacao.com\/1\/wp-json\/wp\/v2\/posts\/139408\/revisions"}],"predecessor-version":[{"id":139409,"href":"https:\/\/www.caririemacao.com\/1\/wp-json\/wp\/v2\/posts\/139408\/revisions\/139409"}],"wp:featuredmedia":[{"embeddable":true,"href":"https:\/\/www.caririemacao.com\/1\/wp-json\/wp\/v2\/media\/22798"}],"wp:attachment":[{"href":"https:\/\/www.caririemacao.com\/1\/wp-json\/wp\/v2\/media?parent=139408"}],"wp:term":[{"taxonomy":"category","embeddable":true,"href":"https:\/\/www.caririemacao.com\/1\/wp-json\/wp\/v2\/categories?post=139408"},{"taxonomy":"post_tag","embeddable":true,"href":"https:\/\/www.caririemacao.com\/1\/wp-json\/wp\/v2\/tags?post=139408"}],"curies":[{"name":"wp","href":"https:\/\/api.w.org\/{rel}","templated":true}]}}