{"id":139432,"date":"2019-12-04T13:16:16","date_gmt":"2019-12-04T16:16:16","guid":{"rendered":"http:\/\/www.caririemacao.com\/1\/?p=139432"},"modified":"2019-12-04T13:16:16","modified_gmt":"2019-12-04T16:16:16","slug":"homem-e-assassinado-a-tiros-em-sao-joao-do-tigre","status":"publish","type":"post","link":"https:\/\/www.caririemacao.com\/1\/2019\/12\/04\/homem-e-assassinado-a-tiros-em-sao-joao-do-tigre\/","title":{"rendered":"Homem \u00e9 assassinado a tiros em S\u00e3o Jo\u00e3o do Tigre"},"content":{"rendered":"\n<p>Um homem identificado por Thassio Br\u00e1s da Silva, de 27 anos, residente do S\u00edtio Cacimbinha de Baixo, zona rural de S\u00e3o Jo\u00e3o do Tigre, Cariri da Para\u00edba, foi assassinado na noite desta ter\u00e7a-feira(03).<br>Segundo informa\u00e7\u00f5es apuradas pela nossa reportagem, por volta das 20:30hs, dois elementos ainda n\u00e3o identificados, se aproximaram da v\u00edtima chegando em uma moto, e dispararam tiros de arma de fogo \u00e0 queima-roupa contra Thassio, que veio a \u00f3bito no local do crime.<br>A equipe do GTE (grupo tatico especial) da Pol\u00edcia Civil e a per\u00edcia esteve no local do crime onde foram feitos os primeiros levantamentos da investiga\u00e7\u00e3o. A Pol\u00edcia civil continua \u00e0s investiga\u00e7\u00f5es do crime, que chocou toda a popula\u00e7\u00e3o de S\u00e3o Jo\u00e3o do Tigre.<br><strong>De Olho no Cariri<\/strong><\/p>\n","protected":false},"excerpt":{"rendered":"<p>Um homem identificado por Thassio Br\u00e1s da Silva, de 27 anos, residente do S\u00edtio Cacimbinha de Baixo, zona rural de S\u00e3o Jo\u00e3o do Tigre, Cariri&hellip; <\/p>\n","protected":false},"author":1,"featured_media":1321,"comment_status":"closed","ping_status":"closed","sticky":false,"template":"","format":"standard","meta":{"sfsi_plus_gutenberg_text_before_share":"","sfsi_plus_gutenberg_show_text_before_share":"","sfsi_plus_gutenberg_icon_type":"","sfsi_plus_gutenberg_icon_alignemt":"","sfsi_plus_gutenburg_max_per_row":"","footnotes":""},"categories":[12],"tags":[],"class_list":["post-139432","post","type-post","status-publish","format-standard","has-post-thumbnail","hentry","category-policia"],"_links":{"self":[{"href":"https:\/\/www.caririemacao.com\/1\/wp-json\/wp\/v2\/posts\/139432","targetHints":{"allow":["GET"]}}],"collection":[{"href":"https:\/\/www.caririemacao.com\/1\/wp-json\/wp\/v2\/posts"}],"about":[{"href":"https:\/\/www.caririemacao.com\/1\/wp-json\/wp\/v2\/types\/post"}],"author":[{"embeddable":true,"href":"https:\/\/www.caririemacao.com\/1\/wp-json\/wp\/v2\/users\/1"}],"replies":[{"embeddable":true,"href":"https:\/\/www.caririemacao.com\/1\/wp-json\/wp\/v2\/comments?post=139432"}],"version-history":[{"count":1,"href":"https:\/\/www.caririemacao.com\/1\/wp-json\/wp\/v2\/posts\/139432\/revisions"}],"predecessor-version":[{"id":139433,"href":"https:\/\/www.caririemacao.com\/1\/wp-json\/wp\/v2\/posts\/139432\/revisions\/139433"}],"wp:featuredmedia":[{"embeddable":true,"href":"https:\/\/www.caririemacao.com\/1\/wp-json\/wp\/v2\/media\/1321"}],"wp:attachment":[{"href":"https:\/\/www.caririemacao.com\/1\/wp-json\/wp\/v2\/media?parent=139432"}],"wp:term":[{"taxonomy":"category","embeddable":true,"href":"https:\/\/www.caririemacao.com\/1\/wp-json\/wp\/v2\/categories?post=139432"},{"taxonomy":"post_tag","embeddable":true,"href":"https:\/\/www.caririemacao.com\/1\/wp-json\/wp\/v2\/tags?post=139432"}],"curies":[{"name":"wp","href":"https:\/\/api.w.org\/{rel}","templated":true}]}}