{"id":139435,"date":"2019-12-04T13:19:11","date_gmt":"2019-12-04T16:19:11","guid":{"rendered":"http:\/\/www.caririemacao.com\/1\/?p=139435"},"modified":"2019-12-04T13:19:11","modified_gmt":"2019-12-04T16:19:11","slug":"funasa-lanca-programa-saneamento-brasil-rural","status":"publish","type":"post","link":"https:\/\/www.caririemacao.com\/1\/2019\/12\/04\/funasa-lanca-programa-saneamento-brasil-rural\/","title":{"rendered":"Funasa lan\u00e7a Programa Saneamento Brasil Rural"},"content":{"rendered":"\n<p>O Governo Federal, por meio da Funda\u00e7\u00e3o Nacional de Sa\u00fade (Funasa), lan\u00e7ou o Programa Saneamento Brasil Rural, nesta ter\u00e7a-feira (3\/12), \u00e0s 17h, no Pal\u00e1cio do Planalto. A a\u00e7\u00e3o busca universaliza\u00e7\u00e3o do acesso ao saneamento b\u00e1sico em \u00e1reas rurais e estima-se que beneficiar\u00e1 39,73 milh\u00f5es de habitantes (21% da sua popula\u00e7\u00e3o residente). O Programa \u00e9 do Governo Federal e est\u00e1 sob a responsabilidade da Funasa, vinculada ao Minist\u00e9rio da Sa\u00fade. O evento de assinatura da Portaria para execu\u00e7\u00e3o das atividades aconteceu nesta ter\u00e7a (03), no Pal\u00e1cio do Planalto, com a presen\u00e7a do presidente da Rep\u00fablica Jair Bolsonaro e do ministro da Sa\u00fade, Luiz Henrique Mandetta.<\/p>\n\n\n\n<p>As melhorias nas condi\u00e7\u00f5es sanit\u00e1rias da popula\u00e7\u00e3o rural brasileira, previstas para serem realizadas ao longo de 20 anos, ter\u00e3o investimentos totalizando R$ 218,94 bilh\u00f5es, distribu\u00eddos entre medidas estruturais (R$ 179,53 bilh\u00f5es) e estruturantes (R$ 39,41 bilh\u00f5es). As metas foram estabelecidas prevendo-se horizontes de curto, m\u00e9dio e longo prazos, no per\u00edodo de 2019 a 2038.<\/p>\n\n\n\n<p>O Programa Saneamento Brasil Rural alcan\u00e7a as popula\u00e7\u00f5es do campo, da floresta e \u00e1guas e os povos origin\u00e1rios de segmentos populacionais distintos como por exemplo: as comunidades remanescentes de quilombos, comunidades ind\u00edgenas, extrativistas, assentamentos pequenos, aglomerados rurais, dentre outros, cujas especificidades fornecem elementos para embasar a escolha das solu\u00e7\u00f5es de saneamento b\u00e1sico a serem adotadas.<\/p>\n\n\n\n<p>Para o presidente da Funasa, Ronaldo Nogueira, o Programa do Governo Federal traz inclus\u00e3o social e desenvolvimento para as regi\u00f5es beneficiadas. \u201cO Programa Saneamento Brasil Rural revoluciona o saneamento em \u00e1reas rurais e contribui para o desenvolvimento do pa\u00eds durante 20 anos, melhorando as estruturas f\u00edsicas das pequenas comunidades, trazendo dignidade \u00e0s popula\u00e7\u00f5es e estimulando os empregos\u201d, destaca.<\/p>\n\n\n\n<p>ESTRAT\u00c9GIAS<br>Tr\u00eas eixos comp\u00f5em o Programa com estrat\u00e9gias voltadas para o atendimento das demandas de saneamento b\u00e1sico nas \u00e1reas rurais no Brasil: Gest\u00e3o dos Servi\u00e7os, Educa\u00e7\u00e3o e Participa\u00e7\u00e3o Social, e Tecnologia, entendidos como indissoci\u00e1veis, al\u00e9m de necess\u00e1rios ao atendimento das demandas das popula\u00e7\u00f5es que habitam as \u00e1reas rurais do Pa\u00eds. Os eixos s\u00e3o constitu\u00eddos por medidas promotoras de sa\u00fade e salubridade ambiental; de apoio t\u00e9cnico e pedag\u00f3gico para qualifica\u00e7\u00e3o dos operadores dos servi\u00e7os, os gestores t\u00e9cnicos e administrativos; al\u00e9m do suporte d\u00e1 suporte \u00e0s medidas estruturais, por meio da identifica\u00e7\u00e3o das solu\u00e7\u00f5es, de natureza coletiva ou individual.<\/p>\n\n\n\n<p>O Programa Saneamento Brasil Rural \u00e9 um trabalho coletivo e conta com a articula\u00e7\u00e3o de institui\u00e7\u00f5es vinculadas \u00e0s tr\u00eas esferas de governo e \u00e0 sociedade civil organizada, que tenham capacidade, a partir dos objetivos e instrumentos da pol\u00edtica de saneamento rural. Assim, a partir das diretrizes e estrat\u00e9gias formuladas para o Programa, definem-se os atores e suas compet\u00eancias, quanto \u00e0 coordena\u00e7\u00e3o e atua\u00e7\u00e3o no planejamento e execu\u00e7\u00e3o do Programa.<br><\/p>\n","protected":false},"excerpt":{"rendered":"<p>O Governo Federal, por meio da Funda\u00e7\u00e3o Nacional de Sa\u00fade (Funasa), lan\u00e7ou o Programa Saneamento Brasil Rural, nesta ter\u00e7a-feira (3\/12), \u00e0s 17h, no Pal\u00e1cio do&hellip; <\/p>\n","protected":false},"author":1,"featured_media":139436,"comment_status":"closed","ping_status":"closed","sticky":false,"template":"","format":"standard","meta":{"sfsi_plus_gutenberg_text_before_share":"","sfsi_plus_gutenberg_show_text_before_share":"","sfsi_plus_gutenberg_icon_type":"","sfsi_plus_gutenberg_icon_alignemt":"","sfsi_plus_gutenburg_max_per_row":"","footnotes":""},"categories":[11],"tags":[],"class_list":["post-139435","post","type-post","status-publish","format-standard","has-post-thumbnail","hentry","category-politica"],"_links":{"self":[{"href":"https:\/\/www.caririemacao.com\/1\/wp-json\/wp\/v2\/posts\/139435","targetHints":{"allow":["GET"]}}],"collection":[{"href":"https:\/\/www.caririemacao.com\/1\/wp-json\/wp\/v2\/posts"}],"about":[{"href":"https:\/\/www.caririemacao.com\/1\/wp-json\/wp\/v2\/types\/post"}],"author":[{"embeddable":true,"href":"https:\/\/www.caririemacao.com\/1\/wp-json\/wp\/v2\/users\/1"}],"replies":[{"embeddable":true,"href":"https:\/\/www.caririemacao.com\/1\/wp-json\/wp\/v2\/comments?post=139435"}],"version-history":[{"count":1,"href":"https:\/\/www.caririemacao.com\/1\/wp-json\/wp\/v2\/posts\/139435\/revisions"}],"predecessor-version":[{"id":139437,"href":"https:\/\/www.caririemacao.com\/1\/wp-json\/wp\/v2\/posts\/139435\/revisions\/139437"}],"wp:featuredmedia":[{"embeddable":true,"href":"https:\/\/www.caririemacao.com\/1\/wp-json\/wp\/v2\/media\/139436"}],"wp:attachment":[{"href":"https:\/\/www.caririemacao.com\/1\/wp-json\/wp\/v2\/media?parent=139435"}],"wp:term":[{"taxonomy":"category","embeddable":true,"href":"https:\/\/www.caririemacao.com\/1\/wp-json\/wp\/v2\/categories?post=139435"},{"taxonomy":"post_tag","embeddable":true,"href":"https:\/\/www.caririemacao.com\/1\/wp-json\/wp\/v2\/tags?post=139435"}],"curies":[{"name":"wp","href":"https:\/\/api.w.org\/{rel}","templated":true}]}}