{"id":139440,"date":"2019-12-04T16:20:23","date_gmt":"2019-12-04T19:20:23","guid":{"rendered":"http:\/\/www.caririemacao.com\/1\/?p=139440"},"modified":"2019-12-04T16:20:23","modified_gmt":"2019-12-04T19:20:23","slug":"prefeito-de-caraubas-participa-de-mais-uma-sessao-de-discussao-sobre-a-pec-que-propoe-extincao-de-municipios","status":"publish","type":"post","link":"https:\/\/www.caririemacao.com\/1\/2019\/12\/04\/prefeito-de-caraubas-participa-de-mais-uma-sessao-de-discussao-sobre-a-pec-que-propoe-extincao-de-municipios\/","title":{"rendered":"Prefeito de Cara\u00fabas participa de mais uma sess\u00e3o de discuss\u00e3o sobre a pec que prop\u00f5e extin\u00e7\u00e3o de munic\u00edpios"},"content":{"rendered":"\n<p>O prefeito Silvano Dudu, do munic\u00edpio de Cara\u00fabas, esteve participando na tarde desta ter\u00e7a-feira, no plen\u00e1rio da Assembleia Legislativa do Estado da Para\u00edba, a convite do Deputado Estadual e presidente da Casa de Epit\u00e1cio Pessoa, Adriano Galdino, de uma sess\u00e3o especial para discuss\u00e3o sobre a PEC 188\/2019 que prop\u00f5e entre outras coisas a extin\u00e7\u00e3o de mais de 1200 munic\u00edpios brasileiros, dos quais 68 s\u00e3o da Para\u00edba.<\/p>\n\n\n\n<p>O prefeito destacou mais uma vez a import\u00e2ncia do bom debate e dos esclarecimentos a cerca dessa situa\u00e7\u00e3o. A popula\u00e7\u00e3o fica sempre nos perguntando sobre essa possibilidade de mudan\u00e7a, pois, muitos tem o receio de voltarem a ser Distrito o que complicaria e muito a situa\u00e7\u00e3o dos que mais precisam. Acho um retrocesso ter que devolver antigos Distritos a seus munic\u00edpios de origem. <\/p>\n\n\n\n<p>Muita coisa precisa ser discutida e esclarecida. N\u00e3o temos clareza nessa proposta do Governo Federal que alega ter que economizar fechando cidades, afirmou ele.Silvano esteve acompanhado de uma comitiva de vereadores, entre eles o presidente da C\u00e2mara Municipal de Cara\u00fabas, Jos\u00e9 Franconero, da vereadora e primeira dama do munic\u00edpio, Neide de Assis, do vereador F\u00e1bio Pereira e do vereador Tomaz Bezerra.<\/p>\n\n\n\n<p>O Deputado Raniery Paulino presidiu a sess\u00e3o\u00a0 e o Deputado Edmilson Soares que secretariou a mesma. A sess\u00e3o contou ainda com representantes de diversos \u00f3rg\u00e3os, a exemplo de Sindicatos, CAGEPA, FAMUP, prefeita de Duas Estradas, Joyce Renata. Ap\u00f3s os atos iniciais e execu\u00e7\u00e3o do hino nacional brasileiro se iniciaram as discuss\u00f5es sobre o novo marco legal do saneamento e a fus\u00e3o de munic\u00edpios.Numa sess\u00e3o que durou mais de 2(duas) horas, o prefeito Silvano Dudu foi convidado a fazer parte da mesa dos trabalhos e logo ap\u00f3s falou da sua preocupa\u00e7\u00e3o com o texto da PEC que extingue os munic\u00edpios. <\/p>\n\n\n\n<p>Ser\u00e1 um retrocesso, n\u00e3o s\u00f3 para Cara\u00fabas, mas principalmente para todos os munic\u00edpios que hoje j\u00e1 conseguem ter sua independ\u00eancia administrativa. Cara\u00fabas tem muitos investimentos e temos uma arrecada\u00e7\u00e3o na ordem de 2% da Receita Corrente anual. Estamos em crescimento e temos como atingir a meta constitucional com a implanta\u00e7\u00e3o de novos empreendimentos e a estrutura\u00e7\u00e3o da pol\u00edtica fiscal local, concluiu o prefeito.<br><\/p>\n\n\n\n<p>Fonte:\u00a0<strong>SEPLACOM<\/strong><\/p>\n","protected":false},"excerpt":{"rendered":"<p>O prefeito Silvano Dudu, do munic\u00edpio de Cara\u00fabas, esteve participando na tarde desta ter\u00e7a-feira, no plen\u00e1rio da Assembleia Legislativa do Estado da Para\u00edba, a convite&hellip; <\/p>\n","protected":false},"author":1,"featured_media":139443,"comment_status":"closed","ping_status":"closed","sticky":false,"template":"","format":"standard","meta":{"sfsi_plus_gutenberg_text_before_share":"","sfsi_plus_gutenberg_show_text_before_share":"","sfsi_plus_gutenberg_icon_type":"","sfsi_plus_gutenberg_icon_alignemt":"","sfsi_plus_gutenburg_max_per_row":"","footnotes":""},"categories":[2],"tags":[],"class_list":["post-139440","post","type-post","status-publish","format-standard","has-post-thumbnail","hentry","category-geral"],"_links":{"self":[{"href":"https:\/\/www.caririemacao.com\/1\/wp-json\/wp\/v2\/posts\/139440","targetHints":{"allow":["GET"]}}],"collection":[{"href":"https:\/\/www.caririemacao.com\/1\/wp-json\/wp\/v2\/posts"}],"about":[{"href":"https:\/\/www.caririemacao.com\/1\/wp-json\/wp\/v2\/types\/post"}],"author":[{"embeddable":true,"href":"https:\/\/www.caririemacao.com\/1\/wp-json\/wp\/v2\/users\/1"}],"replies":[{"embeddable":true,"href":"https:\/\/www.caririemacao.com\/1\/wp-json\/wp\/v2\/comments?post=139440"}],"version-history":[{"count":1,"href":"https:\/\/www.caririemacao.com\/1\/wp-json\/wp\/v2\/posts\/139440\/revisions"}],"predecessor-version":[{"id":139444,"href":"https:\/\/www.caririemacao.com\/1\/wp-json\/wp\/v2\/posts\/139440\/revisions\/139444"}],"wp:featuredmedia":[{"embeddable":true,"href":"https:\/\/www.caririemacao.com\/1\/wp-json\/wp\/v2\/media\/139443"}],"wp:attachment":[{"href":"https:\/\/www.caririemacao.com\/1\/wp-json\/wp\/v2\/media?parent=139440"}],"wp:term":[{"taxonomy":"category","embeddable":true,"href":"https:\/\/www.caririemacao.com\/1\/wp-json\/wp\/v2\/categories?post=139440"},{"taxonomy":"post_tag","embeddable":true,"href":"https:\/\/www.caririemacao.com\/1\/wp-json\/wp\/v2\/tags?post=139440"}],"curies":[{"name":"wp","href":"https:\/\/api.w.org\/{rel}","templated":true}]}}