{"id":139446,"date":"2019-12-04T16:23:08","date_gmt":"2019-12-04T19:23:08","guid":{"rendered":"http:\/\/www.caririemacao.com\/1\/?p=139446"},"modified":"2019-12-04T16:23:08","modified_gmt":"2019-12-04T19:23:08","slug":"oficina-de-cinema-e-exibicao-de-filme-marca-o-primeiro-dia-do-caraubas-cultural","status":"publish","type":"post","link":"https:\/\/www.caririemacao.com\/1\/2019\/12\/04\/oficina-de-cinema-e-exibicao-de-filme-marca-o-primeiro-dia-do-caraubas-cultural\/","title":{"rendered":"Oficina de cinema e exibi\u00e7\u00e3o de filme marca o primeiro dia do Cara\u00fabas cultural"},"content":{"rendered":"\n<p>Foi aberto extraoficialmente ontem o maior evento do calend\u00e1rio Cultural do munic\u00edpio de Cara\u00fabas com a realiza\u00e7\u00e3o de uma mini oficina de cinema do projeto ViA\u00e7\u00e3o da Universidade Federal da Para\u00edba \u2013 UFPB, dentro da programa\u00e7\u00e3o do Cara\u00fabas Cultural.\u00a0<\/p>\n\n\n\n<p>Durante todo o dia dezenas de pessoas puderam conhecer um pouco das t\u00e9cnicas da produ\u00e7\u00e3o cinematogr\u00e1fica, bem como, tirarem suas d\u00favidas de como se produzir um filme de curta metragem. Professores, alunos, t\u00e9cnicos e a popula\u00e7\u00e3o interagiram com as diferentes formas de linguagem e t\u00e9cnica da produ\u00e7\u00e3o, despertando a curiosidade e ousadia em fazer cinema.No per\u00edodo noturno, o mais aguardado pela popula\u00e7\u00e3o, foram exibidos 03(tr\u00eas) curtas em pra\u00e7a p\u00fablica, em frente ao Mercado P\u00fablico Municipal Manoel Clementino das Neves. <\/p>\n\n\n\n<p>Uma estrutura de tel\u00e3o, cadeiras e decora\u00e7\u00e3o foram montados para que o p\u00fablico se acomodasse da melhor maneira poss\u00edvel. Centenas de fam\u00edlias prestigiaram a primeira noite do cinema na pra\u00e7a.Ap\u00f3s a exibi\u00e7\u00e3o dos curtas o professor e cineasta paraibano Torquato Joel falou aos presentes sobre a import\u00e2ncia da ind\u00fastria cinematogr\u00e1fica, explorando a exibi\u00e7\u00e3o dos curtas apresentados. Torquato Joel, nasceu em Sousa, na Para\u00edba. Formou-se em Bacharelado em Comunica\u00e7\u00e3o Social, habilita\u00e7\u00e3o em Jornalismo, pela Universidade Federal da Para\u00edba (UFPB). Estudou cinema no Atelier de Cinema Direto da UFPB e na Association Varan (Paris, Fran\u00e7a) onde iniciou uma produ\u00e7\u00e3o de cinema atrav\u00e9s do Super 8, com filmes como Imagens do Decl\u00ednio (12\u2019, 1982), Seca (12\u201d,1982), entre outros. <\/p>\n\n\n\n<p>Trabalhou em diversos curtas como roteirista, assistente de dire\u00e7\u00e3o e como consultor de dire\u00e7\u00e3o.Em 1998, realizou seu primeiro curta em 35mm: O VERME NA ALMA. Posteriormente, realizou outros curtas: PASSADOURO (1999), TRANSUBSTANCIAL (2003), GRAVIDADE (2006), AQUI (2007), ESTES (2009), GRAVIDADE (2006), MO\u00cdDO (2015), entre outros filmes que roteirizou e dirigiu. <\/p>\n\n\n\n<p>Alguns destes filmes obtiveram expressiva a premia\u00e7\u00e3o em importantes festivais brasileiros, como Bras\u00edlia, Gramado, Festival Internacional de Curtas de S\u00e3o Paulo, al\u00e9m da participa\u00e7\u00e3o em festivais no exterior como Huesca, Rotterdam, entre outros.Joel foi editor do fanzine A Tela Demon\u00edaca. Atualmente \u00e9 coordenador geral do Projeto ViA\u00e7\u00e3o Para\u00edba, de difus\u00e3o de audiovisual no interior do estado, e do Jabre \u2013 Laborat\u00f3rio para Jovens Roteiristas do Interior Paraibano -, a\u00e7\u00f5es que est\u00e3o obtendo significativos resultados com o surgimento de v\u00e1rios realizadores, cineclubes e festivais no interior da Para\u00edba. <\/p>\n\n\n\n<p>Finalizou recentemente seu primeiro longa: Ambiente Familiar.A secret\u00e1ria da Assist\u00eancia Social, Fl\u00e1via Quirino, participou da noite de cinema e falou da import\u00e2ncia do evento para os caraubenses saudando os presentes e agradecendo a presen\u00e7a de todos.<br><\/p>\n\n\n\n<p>Fonte:\u00a0<strong>SEPLACOM<\/strong><\/p>\n\n\n\n<p>Foto:\u00a0<strong>Miguel Filho<\/strong><br><\/p>\n","protected":false},"excerpt":{"rendered":"<p>Foi aberto extraoficialmente ontem o maior evento do calend\u00e1rio Cultural do munic\u00edpio de Cara\u00fabas com a realiza\u00e7\u00e3o de uma mini oficina de cinema do projeto&hellip; <\/p>\n","protected":false},"author":1,"featured_media":139447,"comment_status":"closed","ping_status":"closed","sticky":false,"template":"","format":"standard","meta":{"sfsi_plus_gutenberg_text_before_share":"","sfsi_plus_gutenberg_show_text_before_share":"","sfsi_plus_gutenberg_icon_type":"","sfsi_plus_gutenberg_icon_alignemt":"","sfsi_plus_gutenburg_max_per_row":"","footnotes":""},"categories":[2],"tags":[],"class_list":["post-139446","post","type-post","status-publish","format-standard","has-post-thumbnail","hentry","category-geral"],"_links":{"self":[{"href":"https:\/\/www.caririemacao.com\/1\/wp-json\/wp\/v2\/posts\/139446","targetHints":{"allow":["GET"]}}],"collection":[{"href":"https:\/\/www.caririemacao.com\/1\/wp-json\/wp\/v2\/posts"}],"about":[{"href":"https:\/\/www.caririemacao.com\/1\/wp-json\/wp\/v2\/types\/post"}],"author":[{"embeddable":true,"href":"https:\/\/www.caririemacao.com\/1\/wp-json\/wp\/v2\/users\/1"}],"replies":[{"embeddable":true,"href":"https:\/\/www.caririemacao.com\/1\/wp-json\/wp\/v2\/comments?post=139446"}],"version-history":[{"count":1,"href":"https:\/\/www.caririemacao.com\/1\/wp-json\/wp\/v2\/posts\/139446\/revisions"}],"predecessor-version":[{"id":139448,"href":"https:\/\/www.caririemacao.com\/1\/wp-json\/wp\/v2\/posts\/139446\/revisions\/139448"}],"wp:featuredmedia":[{"embeddable":true,"href":"https:\/\/www.caririemacao.com\/1\/wp-json\/wp\/v2\/media\/139447"}],"wp:attachment":[{"href":"https:\/\/www.caririemacao.com\/1\/wp-json\/wp\/v2\/media?parent=139446"}],"wp:term":[{"taxonomy":"category","embeddable":true,"href":"https:\/\/www.caririemacao.com\/1\/wp-json\/wp\/v2\/categories?post=139446"},{"taxonomy":"post_tag","embeddable":true,"href":"https:\/\/www.caririemacao.com\/1\/wp-json\/wp\/v2\/tags?post=139446"}],"curies":[{"name":"wp","href":"https:\/\/api.w.org\/{rel}","templated":true}]}}