{"id":139450,"date":"2019-12-04T16:25:19","date_gmt":"2019-12-04T19:25:19","guid":{"rendered":"http:\/\/www.caririemacao.com\/1\/?p=139450"},"modified":"2019-12-04T16:25:19","modified_gmt":"2019-12-04T19:25:19","slug":"secretaria-da-saude-de-caraubas-promovera-dia-d-de-mobilizacao-contra-o-mosquito-aedes-aegypti","status":"publish","type":"post","link":"https:\/\/www.caririemacao.com\/1\/2019\/12\/04\/secretaria-da-saude-de-caraubas-promovera-dia-d-de-mobilizacao-contra-o-mosquito-aedes-aegypti\/","title":{"rendered":"Secretaria da sa\u00fade de Cara\u00fabas promover\u00e1 dia D de mobiliza\u00e7\u00e3o contra o mosquito AEDES AEGYPTI"},"content":{"rendered":"\n<p>Ser\u00e1 realizada nesta quinta-feira, dia 5 de dezembro de 2019, a\u00e7\u00f5es para combater a prolifera\u00e7\u00e3o do mosquito Aedes aegypti, transmissor da dengue, zika v\u00edrus e chikungunya. As a\u00e7\u00f5es fazem parte da Semana de Mobiliza\u00e7\u00e3o Estadual no munic\u00edpio de Cara\u00fabas e ser\u00e1 promovida pela Secretaria da Sa\u00fade atrav\u00e9s do Departamento de Vigil\u00e2ncia em Sa\u00fade.<\/p>\n\n\n\n<p>De acordo com as a\u00e7\u00f5es programadas, \u00e0s 8h30min., ser\u00e1 realizada uma palestra com os alunos da rede p\u00fablica de ensino na Escola Municipal Alice Jorge da Silva e as 10h., uma capacita\u00e7\u00e3o com os profissionais do Estrat\u00e9gia de Sa\u00fade da Fam\u00edlia das unidades I e II.<\/p>\n\n\n\n<p>De acordo com o \u00faltimo boletim epidemiol\u00f3gico divulgado pela Secretaria da Sa\u00fade, n\u00e3o foram registrados casos suspeitos de dengue, zika v\u00edrus e chikungunya no munic\u00edpio. De acordo com o coordenador &nbsp;da Vigil\u00e2ncia em Sa\u00fade, Rivaldo Sousa, o t\u00e9cnico e apoiador Humberto do Governo do Estado ser\u00e1 o palestrante e capacitador das a\u00e7\u00f5es programadas para esta quinta-feira, em Cara\u00fabas.<\/p>\n\n\n\n<p>O secret\u00e1rio Leonardo En\u00e9as afirmou que esta mobiliza\u00e7\u00e3o tem o car\u00e1ter orientador educacional em virtude da aproxima\u00e7\u00e3o da esta\u00e7\u00e3o do ver\u00e3o quando ocorrem precipita\u00e7\u00f5es pluviom\u00e9tricas nesta regi\u00e3o. Precisamos orientar a popula\u00e7\u00e3o para que tomem alguns cuidados importantes para que possamos evitar uma prolifera\u00e7\u00e3o do mosquito transmissor, bem como, de uma poss\u00edvel epidemia como j\u00e1 registrada em \u00e9pocas passadas, disse ele.<\/p>\n\n\n\n<p>As a\u00e7\u00f5es de preven\u00e7\u00e3o ser\u00e3o realizadas nas escolas municipais e nas unidades b\u00e1sicas da sa\u00fade, inicialmente, como forma de preparar melhor a popula\u00e7\u00e3o para vencer essa guerra contra o mosquito transmissor da dengue, concluiu Leonardo.<\/p>\n\n\n\n<p>Fonte:&nbsp;<strong>SEPLACOM<\/strong><\/p>\n","protected":false},"excerpt":{"rendered":"<p>Ser\u00e1 realizada nesta quinta-feira, dia 5 de dezembro de 2019, a\u00e7\u00f5es para combater a prolifera\u00e7\u00e3o do mosquito Aedes aegypti, transmissor da dengue, zika v\u00edrus e&hellip; <\/p>\n","protected":false},"author":1,"featured_media":139451,"comment_status":"closed","ping_status":"closed","sticky":false,"template":"","format":"standard","meta":{"sfsi_plus_gutenberg_text_before_share":"","sfsi_plus_gutenberg_show_text_before_share":"","sfsi_plus_gutenberg_icon_type":"","sfsi_plus_gutenberg_icon_alignemt":"","sfsi_plus_gutenburg_max_per_row":"","footnotes":""},"categories":[16],"tags":[],"class_list":["post-139450","post","type-post","status-publish","format-standard","has-post-thumbnail","hentry","category-saude"],"_links":{"self":[{"href":"https:\/\/www.caririemacao.com\/1\/wp-json\/wp\/v2\/posts\/139450","targetHints":{"allow":["GET"]}}],"collection":[{"href":"https:\/\/www.caririemacao.com\/1\/wp-json\/wp\/v2\/posts"}],"about":[{"href":"https:\/\/www.caririemacao.com\/1\/wp-json\/wp\/v2\/types\/post"}],"author":[{"embeddable":true,"href":"https:\/\/www.caririemacao.com\/1\/wp-json\/wp\/v2\/users\/1"}],"replies":[{"embeddable":true,"href":"https:\/\/www.caririemacao.com\/1\/wp-json\/wp\/v2\/comments?post=139450"}],"version-history":[{"count":1,"href":"https:\/\/www.caririemacao.com\/1\/wp-json\/wp\/v2\/posts\/139450\/revisions"}],"predecessor-version":[{"id":139452,"href":"https:\/\/www.caririemacao.com\/1\/wp-json\/wp\/v2\/posts\/139450\/revisions\/139452"}],"wp:featuredmedia":[{"embeddable":true,"href":"https:\/\/www.caririemacao.com\/1\/wp-json\/wp\/v2\/media\/139451"}],"wp:attachment":[{"href":"https:\/\/www.caririemacao.com\/1\/wp-json\/wp\/v2\/media?parent=139450"}],"wp:term":[{"taxonomy":"category","embeddable":true,"href":"https:\/\/www.caririemacao.com\/1\/wp-json\/wp\/v2\/categories?post=139450"},{"taxonomy":"post_tag","embeddable":true,"href":"https:\/\/www.caririemacao.com\/1\/wp-json\/wp\/v2\/tags?post=139450"}],"curies":[{"name":"wp","href":"https:\/\/api.w.org\/{rel}","templated":true}]}}