{"id":139454,"date":"2019-12-04T16:27:15","date_gmt":"2019-12-04T19:27:15","guid":{"rendered":"http:\/\/www.caririemacao.com\/1\/?p=139454"},"modified":"2019-12-04T16:27:15","modified_gmt":"2019-12-04T19:27:15","slug":"prefeito-adriano-wolff-confirma-liberacao-de-recurso-para-aquisicao-de-patrulha-mecanizada","status":"publish","type":"post","link":"https:\/\/www.caririemacao.com\/1\/2019\/12\/04\/prefeito-adriano-wolff-confirma-liberacao-de-recurso-para-aquisicao-de-patrulha-mecanizada\/","title":{"rendered":"Prefeito Adriano Wolff confirma libera\u00e7\u00e3o de recurso para aquisi\u00e7\u00e3o de Patrulha Mecanizada"},"content":{"rendered":"\n<p>O Prefeito de S\u00e3o Sebasti\u00e3o do Umbuzeiro, Adriano Wolff, confirmou no in\u00edcio da tarde desta quarta-feira (04), a libera\u00e7\u00e3o de recurso no valor de R$ 128.925,00, para a aquisi\u00e7\u00e3o de uma Patrulha Mecanizada para o munic\u00edpio.<br>O gestor destacou que o recurso \u00e9 fruto de uma emenda do deputado federal Efraim Filho, e j\u00e1 foi empenhado.<\/p>\n\n\n\n<p> &#8220;Mais uma noticia maravilhosa, recurso j\u00e1 empenhado para a compra de um trator para beneficiar os agricultores do nosso munic\u00edpio. Agrade\u00e7o ao deputado Efraim Filho pelo empenho e dedica\u00e7\u00e3o a S\u00e3o Sebasti\u00e3o do Umbuzeiro&#8221;, disse.<br><\/p>\n\n\n\n<p>O Prefeito esteve reunido com o deputado federal Efraim Filho, em Bras\u00edlia, onde recebeu a informa\u00e7\u00e3o. O gestor caririzeiro cumpre agenda em Bras\u00edlia est\u00e1 semana, onde participou nesta ter\u00e7a-feira (03), de uma mobiliza\u00e7\u00e3o municipalista contra a PEC que trata sobre a extin\u00e7\u00e3o dos munic\u00edpios. <\/p>\n\n\n\n<p><\/p>\n\n\n\n<p>Blog do Didi<\/p>\n","protected":false},"excerpt":{"rendered":"<p>O Prefeito de S\u00e3o Sebasti\u00e3o do Umbuzeiro, Adriano Wolff, confirmou no in\u00edcio da tarde desta quarta-feira (04), a libera\u00e7\u00e3o de recurso no valor de R$&hellip; <\/p>\n","protected":false},"author":1,"featured_media":139455,"comment_status":"closed","ping_status":"closed","sticky":false,"template":"","format":"standard","meta":{"sfsi_plus_gutenberg_text_before_share":"","sfsi_plus_gutenberg_show_text_before_share":"","sfsi_plus_gutenberg_icon_type":"","sfsi_plus_gutenberg_icon_alignemt":"","sfsi_plus_gutenburg_max_per_row":"","footnotes":""},"categories":[50,2],"tags":[],"class_list":["post-139454","post","type-post","status-publish","format-standard","has-post-thumbnail","hentry","category-destaque","category-geral"],"_links":{"self":[{"href":"https:\/\/www.caririemacao.com\/1\/wp-json\/wp\/v2\/posts\/139454","targetHints":{"allow":["GET"]}}],"collection":[{"href":"https:\/\/www.caririemacao.com\/1\/wp-json\/wp\/v2\/posts"}],"about":[{"href":"https:\/\/www.caririemacao.com\/1\/wp-json\/wp\/v2\/types\/post"}],"author":[{"embeddable":true,"href":"https:\/\/www.caririemacao.com\/1\/wp-json\/wp\/v2\/users\/1"}],"replies":[{"embeddable":true,"href":"https:\/\/www.caririemacao.com\/1\/wp-json\/wp\/v2\/comments?post=139454"}],"version-history":[{"count":1,"href":"https:\/\/www.caririemacao.com\/1\/wp-json\/wp\/v2\/posts\/139454\/revisions"}],"predecessor-version":[{"id":139456,"href":"https:\/\/www.caririemacao.com\/1\/wp-json\/wp\/v2\/posts\/139454\/revisions\/139456"}],"wp:featuredmedia":[{"embeddable":true,"href":"https:\/\/www.caririemacao.com\/1\/wp-json\/wp\/v2\/media\/139455"}],"wp:attachment":[{"href":"https:\/\/www.caririemacao.com\/1\/wp-json\/wp\/v2\/media?parent=139454"}],"wp:term":[{"taxonomy":"category","embeddable":true,"href":"https:\/\/www.caririemacao.com\/1\/wp-json\/wp\/v2\/categories?post=139454"},{"taxonomy":"post_tag","embeddable":true,"href":"https:\/\/www.caririemacao.com\/1\/wp-json\/wp\/v2\/tags?post=139454"}],"curies":[{"name":"wp","href":"https:\/\/api.w.org\/{rel}","templated":true}]}}