{"id":139457,"date":"2019-12-04T16:28:31","date_gmt":"2019-12-04T19:28:31","guid":{"rendered":"http:\/\/www.caririemacao.com\/1\/?p=139457"},"modified":"2019-12-04T16:28:31","modified_gmt":"2019-12-04T19:28:31","slug":"pacientes-do-caps-de-monteiro-produzem-e-comercializam-pecas-na-expo-monteiro","status":"publish","type":"post","link":"https:\/\/www.caririemacao.com\/1\/2019\/12\/04\/pacientes-do-caps-de-monteiro-produzem-e-comercializam-pecas-na-expo-monteiro\/","title":{"rendered":"Pacientes do CAPS de Monteiro produzem e comercializam pe\u00e7as na Expo Monteiro"},"content":{"rendered":"\n<p>\n\nA Expo Monteiro que teve seu encerramento no \u00faltimo s\u00e1bado, recebeu diversos comerciantes que expuseram seus produtos. Dentre os comerciantes, uma turma muito especial se destacou atrav\u00e9s de seus trabalhos: os pacientes do Centro de Aten\u00e7\u00e3o Psicossocial \u2013 CAPS I.Os artigos comercializados na Expo Monteiro 2019 foram produzidos nas oficinas de socializa\u00e7\u00e3o e habilidades manuais, realizadas com os pacientes do Caps I. De acordo com a coordenadora, Kalline Torres, o trababalho com artesanato faz parte das atividades de recupera\u00e7\u00e3o e&nbsp;<\/p>\n\n\n\n<p>ajuda a controlar a tens\u00e3o, stress e ansiedade. \u201cNestas pe\u00e7as que expomos para venda no evento retratam um pouco das vidas dessas pessoas. Vidas, que hoje tem uma boa qualidade de vida que conseguiram atrav\u00e9s da dedica\u00e7\u00e3o e ao tratamento oferecido no CAPS\u201d, afirma.\u201cA exposi\u00e7\u00e3o aconteceu com artigos confeccionados pelos usu\u00e1rios do CAPS I sob a supervis\u00e3o e finaliza\u00e7\u00e3o da nossa artes\u00e3 e coordenadora das oficinas terap\u00eauticas, Ivaniete. As pinturas s\u00e3o realizadas pelos usu\u00e1rios durante as atividades di\u00e1rias. Na ocasi\u00e3o foram expostas: bolsas, conjuntos para banheiros, potes decorados, entre outros. \u00c9 um momento muito importante pra alta estima dos pacientes, como tamb\u00e9m no progresso do tratamento dos mesmos\u201d, informou Kalline Torres.<\/p>\n\n\n\n<p>A secret\u00e1ria Municipal de Sa\u00fade, hoje, disp\u00f5e de uma unidade do CAPS I, que atende cerca de 500 pessoas atrav\u00e9s de consultas, acompanhamento, palestras para pacientes e familiares, atividades recreativas com passeios e socializa\u00e7\u00e3o, atividades f\u00edsicas com apoio do NASF e atividades terap\u00eauticas por meio de oficinas de artesanato.Os monteirenses tamb\u00e9m disp\u00f5em do Caps AD III, que atende usu\u00e1rios de crack, \u00e1lcool e outras drogas.\n\n<\/p>\n","protected":false},"excerpt":{"rendered":"<p>A Expo Monteiro que teve seu encerramento no \u00faltimo s\u00e1bado, recebeu diversos comerciantes que expuseram seus produtos. Dentre os comerciantes, uma turma muito especial se&hellip; <\/p>\n","protected":false},"author":1,"featured_media":139458,"comment_status":"closed","ping_status":"closed","sticky":false,"template":"","format":"standard","meta":{"sfsi_plus_gutenberg_text_before_share":"","sfsi_plus_gutenberg_show_text_before_share":"","sfsi_plus_gutenberg_icon_type":"","sfsi_plus_gutenberg_icon_alignemt":"","sfsi_plus_gutenburg_max_per_row":"","footnotes":""},"categories":[2],"tags":[],"class_list":["post-139457","post","type-post","status-publish","format-standard","has-post-thumbnail","hentry","category-geral"],"_links":{"self":[{"href":"https:\/\/www.caririemacao.com\/1\/wp-json\/wp\/v2\/posts\/139457","targetHints":{"allow":["GET"]}}],"collection":[{"href":"https:\/\/www.caririemacao.com\/1\/wp-json\/wp\/v2\/posts"}],"about":[{"href":"https:\/\/www.caririemacao.com\/1\/wp-json\/wp\/v2\/types\/post"}],"author":[{"embeddable":true,"href":"https:\/\/www.caririemacao.com\/1\/wp-json\/wp\/v2\/users\/1"}],"replies":[{"embeddable":true,"href":"https:\/\/www.caririemacao.com\/1\/wp-json\/wp\/v2\/comments?post=139457"}],"version-history":[{"count":1,"href":"https:\/\/www.caririemacao.com\/1\/wp-json\/wp\/v2\/posts\/139457\/revisions"}],"predecessor-version":[{"id":139459,"href":"https:\/\/www.caririemacao.com\/1\/wp-json\/wp\/v2\/posts\/139457\/revisions\/139459"}],"wp:featuredmedia":[{"embeddable":true,"href":"https:\/\/www.caririemacao.com\/1\/wp-json\/wp\/v2\/media\/139458"}],"wp:attachment":[{"href":"https:\/\/www.caririemacao.com\/1\/wp-json\/wp\/v2\/media?parent=139457"}],"wp:term":[{"taxonomy":"category","embeddable":true,"href":"https:\/\/www.caririemacao.com\/1\/wp-json\/wp\/v2\/categories?post=139457"},{"taxonomy":"post_tag","embeddable":true,"href":"https:\/\/www.caririemacao.com\/1\/wp-json\/wp\/v2\/tags?post=139457"}],"curies":[{"name":"wp","href":"https:\/\/api.w.org\/{rel}","templated":true}]}}