{"id":139465,"date":"2019-12-04T16:34:06","date_gmt":"2019-12-04T19:34:06","guid":{"rendered":"http:\/\/www.caririemacao.com\/1\/?p=139465"},"modified":"2019-12-04T16:34:06","modified_gmt":"2019-12-04T19:34:06","slug":"mobilizacao-marca-final-da-campanha-de-vacinacao-contra-o-sarampo-em-monteiro","status":"publish","type":"post","link":"https:\/\/www.caririemacao.com\/1\/2019\/12\/04\/mobilizacao-marca-final-da-campanha-de-vacinacao-contra-o-sarampo-em-monteiro\/","title":{"rendered":"Mobiliza\u00e7\u00e3o marca final da Campanha de Vacina\u00e7\u00e3o contra o Sarampo em Monteiro"},"content":{"rendered":"\n<p>A segunda etapa da Campanha de Vacina\u00e7\u00e3o contra o Sarampo chegou &nbsp;ao final no \u00faltimo s\u00e1bado (30). E, para mobilizar ainda mais o p\u00fablico, a Secretaria Municipal de Sa\u00fade promoveu o Dia D de Vacina\u00e7\u00e3o para o p\u00fablico com idade entre 20 a 29 anos se imunizarem com as doses da tr\u00edplice viral (que protege do v\u00edrus do sarampo, caxumba e rub\u00e9ola).<\/p>\n\n\n\n<p>A vacina\u00e7\u00e3o ocorreu nas Unidades de Sa\u00fade da Fam\u00edlia e na sede da Vigil\u00e2ncia em Sa\u00fade at\u00e9 as 17h. O objetivo da campanha foi rastrear o cart\u00e3o de vacina dessas pessoas, uma vez que esse p\u00fablico-alvo \u00e9 o de maior incid\u00eancia nos casos de sarampo registrados no pa\u00eds, de acordo com a diretora da Vigil\u00e2ncia em Sa\u00fade, Silvana Silva.<\/p>\n\n\n\n<div class=\"wp-block-image\"><figure class=\"alignleft\"><img decoding=\"async\" data-src=\"https:\/\/i2.wp.com\/www.vitrinedocariri.com.br\/wp-content\/uploads\/2019\/12\/Dia-D-_-Sarampo2.jpeg?resize=300%2C245&amp;ssl=1\" alt=\"\" class=\"wp-image-59031 lazyload\" src=\"data:image\/svg+xml;base64,PHN2ZyB3aWR0aD0iMSIgaGVpZ2h0PSIxIiB4bWxucz0iaHR0cDovL3d3dy53My5vcmcvMjAwMC9zdmciPjwvc3ZnPg==\" \/><\/figure><\/div>\n\n\n\n<p>\u201cN\u00f3s promovemos uma mobiliza\u00e7\u00e3o em v\u00e1rios pontos da cidade e o mais estrat\u00e9gico de todos foi na sede da Vigil\u00e2ncia em Sa\u00fade, um local onde ocorre uma grande circula\u00e7\u00e3o de pessoas durante o s\u00e1bado. A inten\u00e7\u00e3o foi alcan\u00e7ar esse p\u00fablico de 20 a 29 anos, visto que a maior parte dos casos tem incid\u00eancia nessa faixa et\u00e1ria. Muitas vezes, as pessoas dessa faixa et\u00e1ria nem sabem que precisam tomar duas doses, ent\u00e3o realizamos a busca ativa\u201d, explicou a diretora.<\/p>\n","protected":false},"excerpt":{"rendered":"<p>A segunda etapa da Campanha de Vacina\u00e7\u00e3o contra o Sarampo chegou &nbsp;ao final no \u00faltimo s\u00e1bado (30). E, para mobilizar ainda mais o p\u00fablico, a&hellip; <\/p>\n","protected":false},"author":1,"featured_media":139466,"comment_status":"closed","ping_status":"closed","sticky":false,"template":"","format":"standard","meta":{"sfsi_plus_gutenberg_text_before_share":"","sfsi_plus_gutenberg_show_text_before_share":"","sfsi_plus_gutenberg_icon_type":"","sfsi_plus_gutenberg_icon_alignemt":"","sfsi_plus_gutenburg_max_per_row":"","footnotes":""},"categories":[2],"tags":[],"class_list":["post-139465","post","type-post","status-publish","format-standard","has-post-thumbnail","hentry","category-geral"],"_links":{"self":[{"href":"https:\/\/www.caririemacao.com\/1\/wp-json\/wp\/v2\/posts\/139465","targetHints":{"allow":["GET"]}}],"collection":[{"href":"https:\/\/www.caririemacao.com\/1\/wp-json\/wp\/v2\/posts"}],"about":[{"href":"https:\/\/www.caririemacao.com\/1\/wp-json\/wp\/v2\/types\/post"}],"author":[{"embeddable":true,"href":"https:\/\/www.caririemacao.com\/1\/wp-json\/wp\/v2\/users\/1"}],"replies":[{"embeddable":true,"href":"https:\/\/www.caririemacao.com\/1\/wp-json\/wp\/v2\/comments?post=139465"}],"version-history":[{"count":1,"href":"https:\/\/www.caririemacao.com\/1\/wp-json\/wp\/v2\/posts\/139465\/revisions"}],"predecessor-version":[{"id":139467,"href":"https:\/\/www.caririemacao.com\/1\/wp-json\/wp\/v2\/posts\/139465\/revisions\/139467"}],"wp:featuredmedia":[{"embeddable":true,"href":"https:\/\/www.caririemacao.com\/1\/wp-json\/wp\/v2\/media\/139466"}],"wp:attachment":[{"href":"https:\/\/www.caririemacao.com\/1\/wp-json\/wp\/v2\/media?parent=139465"}],"wp:term":[{"taxonomy":"category","embeddable":true,"href":"https:\/\/www.caririemacao.com\/1\/wp-json\/wp\/v2\/categories?post=139465"},{"taxonomy":"post_tag","embeddable":true,"href":"https:\/\/www.caririemacao.com\/1\/wp-json\/wp\/v2\/tags?post=139465"}],"curies":[{"name":"wp","href":"https:\/\/api.w.org\/{rel}","templated":true}]}}