{"id":139479,"date":"2019-12-05T07:13:59","date_gmt":"2019-12-05T10:13:59","guid":{"rendered":"http:\/\/www.caririemacao.com\/1\/?p=139479"},"modified":"2019-12-05T07:13:59","modified_gmt":"2019-12-05T10:13:59","slug":"faculdade-vale-do-pajeu-utiliza-tecnicas-avancadas-no-curso-de-enfermagem","status":"publish","type":"post","link":"https:\/\/www.caririemacao.com\/1\/2019\/12\/05\/faculdade-vale-do-pajeu-utiliza-tecnicas-avancadas-no-curso-de-enfermagem\/","title":{"rendered":"Faculdade Vale do Paje\u00fa utiliza t\u00e9cnicas avan\u00e7adas no curso de Enfermagem"},"content":{"rendered":"\n<p>O curso de BACHARELADO EM ENFERMAGEM da FACULDADE VALE DO PAJE\u00da utiliza metodologias ativas com o objetivo de aprimorar os processos de ensino centrados no estudante, favorecendo a constru\u00e7\u00e3o do conhecimento a partir de viv\u00eancias, situa\u00e7\u00f5es reais; estimulando reflex\u00f5es e problematiza\u00e7\u00f5es onde o estudante \u00e9 protagonista do seu processo de aprendizagem.<\/p>\n\n\n\n<p>Os professores do curso de Enfermagem FVP, buscam sempre promover as melhores estrat\u00e9gias com o intuito de facilitar o aprendizado dos estudantes, desenvolvendo um processo din\u00e2mico, semelhante ao da realidade, possibilitando ao estudante integrar complexidades te\u00f3ricas e pr\u00e1ticas, permitindo feedback, avalia\u00e7\u00e3o e reflex\u00e3o.  Estas estrat\u00e9gias adotadas desde o in\u00edcio do curso capacitam os estudantes durante sua forma\u00e7\u00e3o, tornando estes competentes no cuidado com pessoas e capacitando-os para o trabalho no futuro.<\/p>\n\n\n\n<figure class=\"wp-block-image\"><img fetchpriority=\"high\" decoding=\"async\" width=\"1024\" height=\"768\" src=\"http:\/\/www.caririemacao.com\/1\/wp-content\/uploads\/2019\/12\/IMG-20191205-WA0011-1024x768.jpg\" alt=\"\" class=\"wp-image-139480\" srcset=\"https:\/\/www.caririemacao.com\/1\/wp-content\/uploads\/2019\/12\/IMG-20191205-WA0011-1024x768.jpg 1024w, https:\/\/www.caririemacao.com\/1\/wp-content\/uploads\/2019\/12\/IMG-20191205-WA0011-300x225.jpg 300w, https:\/\/www.caririemacao.com\/1\/wp-content\/uploads\/2019\/12\/IMG-20191205-WA0011-768x576.jpg 768w, https:\/\/www.caririemacao.com\/1\/wp-content\/uploads\/2019\/12\/IMG-20191205-WA0011.jpg 1280w\" sizes=\"(max-width: 1024px) 100vw, 1024px\" \/><\/figure>\n\n\n\n<p>E no pr\u00f3ximo dia 08 de dezembro a FACULDADE VALE DO PAJE\u00da estar\u00e1 realizando vestibular simult\u00e2neo em S\u00e3o Jos\u00e9 do Egito (PE) e em Teixeira (PB) para os cursos de: Administra\u00e7\u00e3o, Ci\u00eancias Cont\u00e1beis, Direito, Enfermagem e Pedagogia. Inscri\u00e7\u00f5es gratuitas, ligue: (87) 3844 1941 e (87) 9.9948 1802 e Consulte os nossos descontos especiais.<\/p>\n\n\n\n<figure class=\"wp-block-image\"><img decoding=\"async\" width=\"1024\" height=\"768\" data-src=\"http:\/\/www.caririemacao.com\/1\/wp-content\/uploads\/2019\/12\/IMG-20191205-WA0009-1024x768.jpg\" alt=\"\" class=\"wp-image-139482 lazyload\" data-srcset=\"https:\/\/www.caririemacao.com\/1\/wp-content\/uploads\/2019\/12\/IMG-20191205-WA0009-1024x768.jpg 1024w, https:\/\/www.caririemacao.com\/1\/wp-content\/uploads\/2019\/12\/IMG-20191205-WA0009-300x225.jpg 300w, https:\/\/www.caririemacao.com\/1\/wp-content\/uploads\/2019\/12\/IMG-20191205-WA0009-768x576.jpg 768w, https:\/\/www.caririemacao.com\/1\/wp-content\/uploads\/2019\/12\/IMG-20191205-WA0009.jpg 1152w\" data-sizes=\"(max-width: 1024px) 100vw, 1024px\" src=\"data:image\/svg+xml;base64,PHN2ZyB3aWR0aD0iMSIgaGVpZ2h0PSIxIiB4bWxucz0iaHR0cDovL3d3dy53My5vcmcvMjAwMC9zdmciPjwvc3ZnPg==\" style=\"--smush-placeholder-width: 1024px; --smush-placeholder-aspect-ratio: 1024\/768;\" \/><\/figure>\n\n\n\n<figure class=\"wp-block-image\"><img decoding=\"async\" width=\"768\" height=\"1024\" data-src=\"http:\/\/www.caririemacao.com\/1\/wp-content\/uploads\/2019\/12\/IMG-20191205-WA0005-768x1024.jpg\" alt=\"\" class=\"wp-image-139483 lazyload\" data-srcset=\"https:\/\/www.caririemacao.com\/1\/wp-content\/uploads\/2019\/12\/IMG-20191205-WA0005-768x1024.jpg 768w, https:\/\/www.caririemacao.com\/1\/wp-content\/uploads\/2019\/12\/IMG-20191205-WA0005-225x300.jpg 225w, https:\/\/www.caririemacao.com\/1\/wp-content\/uploads\/2019\/12\/IMG-20191205-WA0005.jpg 774w\" data-sizes=\"(max-width: 768px) 100vw, 768px\" src=\"data:image\/svg+xml;base64,PHN2ZyB3aWR0aD0iMSIgaGVpZ2h0PSIxIiB4bWxucz0iaHR0cDovL3d3dy53My5vcmcvMjAwMC9zdmciPjwvc3ZnPg==\" style=\"--smush-placeholder-width: 768px; --smush-placeholder-aspect-ratio: 768\/1024;\" \/><\/figure>\n","protected":false},"excerpt":{"rendered":"<p>O curso de BACHARELADO EM ENFERMAGEM da FACULDADE VALE DO PAJE\u00da utiliza metodologias ativas com o objetivo de aprimorar os processos de ensino centrados no&hellip; <\/p>\n","protected":false},"author":1,"featured_media":139484,"comment_status":"closed","ping_status":"closed","sticky":false,"template":"","format":"standard","meta":{"sfsi_plus_gutenberg_text_before_share":"","sfsi_plus_gutenberg_show_text_before_share":"","sfsi_plus_gutenberg_icon_type":"","sfsi_plus_gutenberg_icon_alignemt":"","sfsi_plus_gutenburg_max_per_row":"","footnotes":""},"categories":[50,2],"tags":[],"class_list":["post-139479","post","type-post","status-publish","format-standard","has-post-thumbnail","hentry","category-destaque","category-geral"],"_links":{"self":[{"href":"https:\/\/www.caririemacao.com\/1\/wp-json\/wp\/v2\/posts\/139479","targetHints":{"allow":["GET"]}}],"collection":[{"href":"https:\/\/www.caririemacao.com\/1\/wp-json\/wp\/v2\/posts"}],"about":[{"href":"https:\/\/www.caririemacao.com\/1\/wp-json\/wp\/v2\/types\/post"}],"author":[{"embeddable":true,"href":"https:\/\/www.caririemacao.com\/1\/wp-json\/wp\/v2\/users\/1"}],"replies":[{"embeddable":true,"href":"https:\/\/www.caririemacao.com\/1\/wp-json\/wp\/v2\/comments?post=139479"}],"version-history":[{"count":1,"href":"https:\/\/www.caririemacao.com\/1\/wp-json\/wp\/v2\/posts\/139479\/revisions"}],"predecessor-version":[{"id":139485,"href":"https:\/\/www.caririemacao.com\/1\/wp-json\/wp\/v2\/posts\/139479\/revisions\/139485"}],"wp:featuredmedia":[{"embeddable":true,"href":"https:\/\/www.caririemacao.com\/1\/wp-json\/wp\/v2\/media\/139484"}],"wp:attachment":[{"href":"https:\/\/www.caririemacao.com\/1\/wp-json\/wp\/v2\/media?parent=139479"}],"wp:term":[{"taxonomy":"category","embeddable":true,"href":"https:\/\/www.caririemacao.com\/1\/wp-json\/wp\/v2\/categories?post=139479"},{"taxonomy":"post_tag","embeddable":true,"href":"https:\/\/www.caririemacao.com\/1\/wp-json\/wp\/v2\/tags?post=139479"}],"curies":[{"name":"wp","href":"https:\/\/api.w.org\/{rel}","templated":true}]}}