{"id":139492,"date":"2019-12-05T07:29:53","date_gmt":"2019-12-05T10:29:53","guid":{"rendered":"http:\/\/www.caririemacao.com\/1\/?p=139492"},"modified":"2019-12-05T07:29:53","modified_gmt":"2019-12-05T10:29:53","slug":"camara-aprova-pacote-anticrime-projeto-de-lei-segue-para-o-senado","status":"publish","type":"post","link":"https:\/\/www.caririemacao.com\/1\/2019\/12\/05\/camara-aprova-pacote-anticrime-projeto-de-lei-segue-para-o-senado\/","title":{"rendered":"C\u00e2mara aprova pacote anticrime; projeto de lei segue para o Senado"},"content":{"rendered":"\n<p>O plen\u00e1rio da C\u00e2mara aprovou nesta quarta-feira (4) o&nbsp; projeto de lei do pacote anticrime (PL 10372\/18). O texto-base foi aprovado por 408 votos a favor, 9 contra, e 2 absten\u00e7\u00f5es e, posteriormente, os parlamentares rejeitaram um destaque do partido Novo, que pedia a retirada do texto da figura do juiz de garantias, um magistrado respons\u00e1vel pelo controle da legalidade da investiga\u00e7\u00e3o criminal e que n\u00e3o far\u00e1 o julgamento do m\u00e9rito do fato.<\/p>\n\n\n\n<p>O PL segue para an\u00e1lise do Senado.<\/p>\n\n\n\n<p>Mais cedo, os deputados aprovaram um pedido de tramita\u00e7\u00e3o em regime de urg\u00eancia do PL, que foi aprovado por 359 votos a 9.&nbsp;<\/p>\n\n\n\n<p>Os deputados aprovaram o substitutivo do deputado Lafayette de Andrada (Republicanos-MG), seguindo o texto do relator do grupo de trabalho, deputado Capit\u00e3o Augusto (PL-SP). O grupo de trabalho analisou dois textos sobre o assunto encaminhados ao Legislativo. Uma das propostas originais foi elaborada pelo ministro do Supremo Tribunal Federal (STF) Alexandre de Moraes, e a outra pelo ministro da Justi\u00e7a e Seguran\u00e7a P\u00fablica, Sergio Moro.<\/p>\n\n\n\n<p>Para chegar ao texto final, o grupo de trabalho retirou temas pol\u00eamicos, como a defini\u00e7\u00e3o de que n\u00e3o h\u00e1 crime se a les\u00e3o ou morte \u00e9 causada por forte medo (o chamado excludente de ilicitude) e a previs\u00e3o de pris\u00e3o ap\u00f3s condena\u00e7\u00e3o em segunda inst\u00e2ncia.<\/p>\n\n\n\n<p>Entre os pontos que constam no projeto est\u00e3o o aumento de 30 anos para 40 anos no tempo m\u00e1ximo de cumprimento da pena de pris\u00e3o no pa\u00eds e o aumento da pena de homic\u00eddio simples, se envolver arma de fogo de uso restrito ou proibido (como fuzis), que passar\u00e1 de 6 anos a 20 anos para 12 anos a 30 anos de reclus\u00e3o, entre outros casos em que h\u00e1 aumento de penas.<\/p>\n\n\n\n<p>Outra altera\u00e7\u00e3o \u00e9 que a concess\u00e3o da liderdade condicional&nbsp; depender\u00e1 tamb\u00e9m de o condenado n\u00e3o ter praticado falta grave no pres\u00eddio nos \u00faltimos 12 meses dessa libera\u00e7\u00e3o e o comportamento dever\u00e1 ser considerado bom em vez de satisfat\u00f3rio.<\/p>\n\n\n\n<p>O projeto tamb\u00e9m aumenta o n\u00famero de casos considerados como crimes hediondos, em que o condenado n\u00e3o pode contar com anistia, gra\u00e7a ou indulto e deve come\u00e7ar a cumprir a pena em regime fechado. Passam a ser considerado esse tipo de crime, entre outros, homic\u00eddio e roubo com arma de fogo de uso restrito ou proibido; furto com uso de explosivo; com\u00e9rcio ou tr\u00e1fico internacional de arma de fogo e organiza\u00e7\u00e3o criminosa para a pr\u00e1tica de crime hediondo. Entretanto, deixou de ser hediondo a posse ou porte de arma de uso restrito por aqueles que n\u00e3o podem faz\u00ea-lo.<\/p>\n\n\n\n<p>O direito \u00e0 progress\u00e3o de regime, quando o condenado pode passar de um cumprimento de pena mais rigoroso (fechado, no pres\u00eddio) para outro menos rigoroso (semi-aberto, somente dormir no pres\u00eddio, por exemplo), depender\u00e1 do tipo de crime. Com as novas regras, o tempo exigido varia de 16%, para o r\u00e9u prim\u00e1rio cujo crime tenha sido sem viol\u00eancia \u00e0 v\u00edtima, a 70%, no caso de o condenado por crime hediondo com morte da v\u00edtima ser reincidente nesse tipo de crime.<\/p>\n","protected":false},"excerpt":{"rendered":"<p>O plen\u00e1rio da C\u00e2mara aprovou nesta quarta-feira (4) o&nbsp; projeto de lei do pacote anticrime (PL 10372\/18). O texto-base foi aprovado por 408 votos a&hellip; <\/p>\n","protected":false},"author":1,"featured_media":123044,"comment_status":"closed","ping_status":"closed","sticky":false,"template":"","format":"standard","meta":{"sfsi_plus_gutenberg_text_before_share":"","sfsi_plus_gutenberg_show_text_before_share":"","sfsi_plus_gutenberg_icon_type":"","sfsi_plus_gutenberg_icon_alignemt":"","sfsi_plus_gutenburg_max_per_row":"","footnotes":""},"categories":[11],"tags":[],"class_list":["post-139492","post","type-post","status-publish","format-standard","has-post-thumbnail","hentry","category-politica"],"_links":{"self":[{"href":"https:\/\/www.caririemacao.com\/1\/wp-json\/wp\/v2\/posts\/139492","targetHints":{"allow":["GET"]}}],"collection":[{"href":"https:\/\/www.caririemacao.com\/1\/wp-json\/wp\/v2\/posts"}],"about":[{"href":"https:\/\/www.caririemacao.com\/1\/wp-json\/wp\/v2\/types\/post"}],"author":[{"embeddable":true,"href":"https:\/\/www.caririemacao.com\/1\/wp-json\/wp\/v2\/users\/1"}],"replies":[{"embeddable":true,"href":"https:\/\/www.caririemacao.com\/1\/wp-json\/wp\/v2\/comments?post=139492"}],"version-history":[{"count":1,"href":"https:\/\/www.caririemacao.com\/1\/wp-json\/wp\/v2\/posts\/139492\/revisions"}],"predecessor-version":[{"id":139493,"href":"https:\/\/www.caririemacao.com\/1\/wp-json\/wp\/v2\/posts\/139492\/revisions\/139493"}],"wp:featuredmedia":[{"embeddable":true,"href":"https:\/\/www.caririemacao.com\/1\/wp-json\/wp\/v2\/media\/123044"}],"wp:attachment":[{"href":"https:\/\/www.caririemacao.com\/1\/wp-json\/wp\/v2\/media?parent=139492"}],"wp:term":[{"taxonomy":"category","embeddable":true,"href":"https:\/\/www.caririemacao.com\/1\/wp-json\/wp\/v2\/categories?post=139492"},{"taxonomy":"post_tag","embeddable":true,"href":"https:\/\/www.caririemacao.com\/1\/wp-json\/wp\/v2\/tags?post=139492"}],"curies":[{"name":"wp","href":"https:\/\/api.w.org\/{rel}","templated":true}]}}