{"id":139503,"date":"2019-12-05T07:34:45","date_gmt":"2019-12-05T10:34:45","guid":{"rendered":"http:\/\/www.caririemacao.com\/1\/?p=139503"},"modified":"2019-12-05T07:34:45","modified_gmt":"2019-12-05T10:34:45","slug":"houve-exagero-na-reacao-a-fala-de-guedes-sobre-ai-5-diz-moro","status":"publish","type":"post","link":"https:\/\/www.caririemacao.com\/1\/2019\/12\/05\/houve-exagero-na-reacao-a-fala-de-guedes-sobre-ai-5-diz-moro\/","title":{"rendered":"Houve exagero na rea\u00e7\u00e3o \u00e0 fala de Guedes sobre AI-5, diz Moro"},"content":{"rendered":"\n<p>O ministro da Justi\u00e7a, Sergio Moro, saiu em defesa de seu colega Paulo Guedes (Economia) e disse que houve um exagero na rea\u00e7\u00e3o \u00e0 fala dele sobre a possibilidade de um AI-5.&nbsp;<\/p>\n\n\n\n<p>No fim do m\u00eas passado, no dia 25 de novembro, em Washington, Guedes afirmou que n\u00e3o \u00e9 poss\u00edvel se assustar com a ideia de algu\u00e9m pedir o AI-5 diante de uma radicaliza\u00e7\u00e3o de protestos de rua no Brasil.<\/p>\n\n\n\n<p>O ministro da Economia comentava a convuls\u00e3o social e institucional em pa\u00edses da Am\u00e9rica Latina.&nbsp;<\/p>\n\n\n\n<p>&#8220;Vou primeiro falar em favor do ministro Paulo Guedes. Eu n\u00e3o acho em nenhum momento que ele defendeu algo dessa esp\u00e9cie. O que eu acho que ele falou foi uma fala contra o radicalismo&#8221;, disse Moro nesta quarta-feira (4), em um evento dos jornais O Globo e Valor Econ\u00f4mico, em Bras\u00edlia.&nbsp;<\/p>\n\n\n\n<p>&#8220;Acho que se exagerou na rea\u00e7\u00e3o \u00e0 fala dele. Ele falava contra o radicalismo, n\u00e3o a favor de medidas de exce\u00e7\u00e3o. Vivemos em uma democracia est\u00e1vel, com institui\u00e7\u00f5es fortes. Qualquer discuss\u00e3o a esse respeito n\u00e3o faz sentido. O presidente Jair Bolsonaro respeita as institui\u00e7\u00f5es, respeita o Supremo, respeita o Congresso, a imprensa \u00e9 livre. H\u00e1 cr\u00edticas severas \u00e0s autoridades p\u00fablicas, inclusive ao presidente. Ent\u00e3o, eu n\u00e3o vejo nenhum cen\u00e1rio de autoritarismo no horizonte, pr\u00f3ximo ou distante. Eu acho que essa \u00e9 uma discuss\u00e3o falsa&#8221;, completou.<\/p>\n\n\n\n<p>Editado em 1968, o Ato Institucional n\u00ba 5 deu ao regime militar uma s\u00e9rie de poderes para reprimir opositores e inaugurou o per\u00edodo mais duro da ditadura.&nbsp;<br>Durante a entrevista em Washington, Guedes disse que era preciso prestar aten\u00e7\u00e3o na sequ\u00eancia de acontecimentos nas na\u00e7\u00f5es vizinhas para ver se o Brasil n\u00e3o tem nenhum pretexto que estimule manifesta\u00e7\u00f5es do mesmo tipo.&nbsp;<\/p>\n\n\n\n<p>&#8220;Sejam respons\u00e1veis, pratiquem a democracia. Ou democracia \u00e9 s\u00f3 quando o seu lado ganha? Quando o outro lado ganha, com dez meses voc\u00ea j\u00e1 chama todo mundo para quebrar a rua? Que responsabilidade \u00e9 essa? N\u00e3o se assustem ent\u00e3o se algu\u00e9m pedir o AI-5. J\u00e1 n\u00e3o aconteceu uma vez? Ou foi diferente? Levando o povo para a rua para quebrar tudo. Isso \u00e9 est\u00fapido, \u00e9 burro, n\u00e3o est\u00e1 \u00e0 altura da nossa tradi\u00e7\u00e3o democr\u00e1tica&#8221;, afirmou o ministro da Economia nos Estados Unidos.<\/p>\n\n\n\n<p>Antes dele, Eduardo Bolsonaro (PSL-SP), filho do presidente Jair Bolsonaro, tamb\u00e9m j\u00e1 havia citado o tema.&nbsp;<\/p>\n\n\n\n<p>No final de outubro, o deputado federal, que \u00e9 l\u00edder do PSL na C\u00e2mara, disse que se a esquerda radicalizasse no pa\u00eds \u2014 a exemplo do que ocorria nos protestos no Chile- era preciso ter uma resposta que pode ser via um novo AI-5.&nbsp;<\/p>\n\n\n\n<p>As falas de Guedes e de Eduardo foram criticadas por parlamentares e juristas e ampliaram o clima de desconfian\u00e7a no Legislativo e no Judici\u00e1rio.<\/p>\n","protected":false},"excerpt":{"rendered":"<p>O ministro da Justi\u00e7a, Sergio Moro, saiu em defesa de seu colega Paulo Guedes (Economia) e disse que houve um exagero na rea\u00e7\u00e3o \u00e0 fala&hellip; <\/p>\n","protected":false},"author":1,"featured_media":129667,"comment_status":"closed","ping_status":"closed","sticky":false,"template":"","format":"standard","meta":{"sfsi_plus_gutenberg_text_before_share":"","sfsi_plus_gutenberg_show_text_before_share":"","sfsi_plus_gutenberg_icon_type":"","sfsi_plus_gutenberg_icon_alignemt":"","sfsi_plus_gutenburg_max_per_row":"","footnotes":""},"categories":[11],"tags":[],"class_list":["post-139503","post","type-post","status-publish","format-standard","has-post-thumbnail","hentry","category-politica"],"_links":{"self":[{"href":"https:\/\/www.caririemacao.com\/1\/wp-json\/wp\/v2\/posts\/139503","targetHints":{"allow":["GET"]}}],"collection":[{"href":"https:\/\/www.caririemacao.com\/1\/wp-json\/wp\/v2\/posts"}],"about":[{"href":"https:\/\/www.caririemacao.com\/1\/wp-json\/wp\/v2\/types\/post"}],"author":[{"embeddable":true,"href":"https:\/\/www.caririemacao.com\/1\/wp-json\/wp\/v2\/users\/1"}],"replies":[{"embeddable":true,"href":"https:\/\/www.caririemacao.com\/1\/wp-json\/wp\/v2\/comments?post=139503"}],"version-history":[{"count":1,"href":"https:\/\/www.caririemacao.com\/1\/wp-json\/wp\/v2\/posts\/139503\/revisions"}],"predecessor-version":[{"id":139504,"href":"https:\/\/www.caririemacao.com\/1\/wp-json\/wp\/v2\/posts\/139503\/revisions\/139504"}],"wp:featuredmedia":[{"embeddable":true,"href":"https:\/\/www.caririemacao.com\/1\/wp-json\/wp\/v2\/media\/129667"}],"wp:attachment":[{"href":"https:\/\/www.caririemacao.com\/1\/wp-json\/wp\/v2\/media?parent=139503"}],"wp:term":[{"taxonomy":"category","embeddable":true,"href":"https:\/\/www.caririemacao.com\/1\/wp-json\/wp\/v2\/categories?post=139503"},{"taxonomy":"post_tag","embeddable":true,"href":"https:\/\/www.caririemacao.com\/1\/wp-json\/wp\/v2\/tags?post=139503"}],"curies":[{"name":"wp","href":"https:\/\/api.w.org\/{rel}","templated":true}]}}