{"id":139508,"date":"2019-12-05T07:36:17","date_gmt":"2019-12-05T10:36:17","guid":{"rendered":"http:\/\/www.caririemacao.com\/1\/?p=139508"},"modified":"2019-12-05T07:36:17","modified_gmt":"2019-12-05T10:36:17","slug":"justica-absolve-lula-e-dilma-em-acao-sobre-quadrilhao-do-pt","status":"publish","type":"post","link":"https:\/\/www.caririemacao.com\/1\/2019\/12\/05\/justica-absolve-lula-e-dilma-em-acao-sobre-quadrilhao-do-pt\/","title":{"rendered":"Justi\u00e7a absolve Lula e Dilma em a\u00e7\u00e3o sobre &#8216;quadrilh\u00e3o do PT&#8217;"},"content":{"rendered":"\n<p>&nbsp;A Justi\u00e7a absolveu sumariamente os ex-presidentes Lula e Dilma, al\u00e9m dos ex-ministros Antonio Palocci Filho e Guido Mantega, e Jo\u00e3o Vaccari Neto, em a\u00e7\u00e3o referente ao chamado &#8220;quadrilh\u00e3o do PT&#8221;.<br>A decis\u00e3o foi assinada pelo juiz Marcus Vinicius Reis Bastos, da 12\u00aa Vara do Distrito Federal.<\/p>\n\n\n\n<p>Segundo Bastos, a &#8220;den\u00fancia apresentada, em verdade, traduz tentativa de criminalizar a atividade pol\u00edtica&#8221;.<\/p>\n\n\n\n<p>&#8220;A inicial acusat\u00f3ria alonga-se na descri\u00e7\u00e3o de in\u00fameros il\u00edcitos penais aut\u00f4nomos sem que revele a exist\u00eancia de estrutura ordenada est\u00e1vel e atua\u00e7\u00e3o coordenada dos Denunciados, tra\u00e7os caracter\u00edsticos de uma organiza\u00e7\u00e3o criminosa. Numa s\u00f3 palavra, n\u00e3o evidencia a subsist\u00eancia do v\u00ednculo associativo imprescind\u00edvel \u00e0 constitui\u00e7\u00e3o do crime&#8221;, segue o juiz na decis\u00e3o.<\/p>\n\n\n\n<p>A den\u00fancia foi apresentada em setembro de 2017 pelo ent\u00e3o procurador-geral da Rep\u00fablica, Rodrigo Janot, ao STF (Supremo Tribunal Federal). Segundo ela, os dois ex-mandat\u00e1rios tiveram participa\u00e7\u00e3o num esquema montado para coletar propinas de R$ 1,48 bilh\u00e3o entre 2002 e 2016.<\/p>\n\n\n\n<p>As vantagens il\u00edcitas teriam sido pagas em contratos da Petrobras, do BNDES (Banco Nacional do Desenvolvimento) e do Minist\u00e9rio do Planejamento.<\/p>\n\n\n\n<p>Na ocasi\u00e3o, a Justi\u00e7a tamb\u00e9m recebeu as acusa\u00e7\u00f5es contra os ex-ministros da Fazenda Guido Mantega e Antonio Palocci Filho, al\u00e9m do ex-tesoureiro do PT Jo\u00e3o Vaccari Neto.<\/p>\n\n\n\n<p>Em outubro deste ano, o Minist\u00e9rio P\u00fablico Federal pediu a absolvi\u00e7\u00e3o sum\u00e1ria dos ex-presidentes e ex-ministros.<\/p>\n\n\n\n<p>O texto, assinado pela procuradora Marcia Brand\u00e3o Zollinger, diz que &#8220;n\u00e3o h\u00e1 o pretendido dom\u00ednio por parte dos denunciados, especialmente os ex-presidentes da Rep\u00fablica, a respeito dos atos criminosos, que obviamente merecem apura\u00e7\u00e3o e responsabiliza\u00e7\u00e3o e s\u00e3o objeto de a\u00e7\u00f5es penais aut\u00f4nomas, cometidos no interior das Diretorias da Petrobras e de outras empresas p\u00fablicas&#8221;.<\/p>\n","protected":false},"excerpt":{"rendered":"<p>&nbsp;A Justi\u00e7a absolveu sumariamente os ex-presidentes Lula e Dilma, al\u00e9m dos ex-ministros Antonio Palocci Filho e Guido Mantega, e Jo\u00e3o Vaccari Neto, em a\u00e7\u00e3o referente&hellip; <\/p>\n","protected":false},"author":1,"featured_media":127590,"comment_status":"closed","ping_status":"closed","sticky":false,"template":"","format":"standard","meta":{"sfsi_plus_gutenberg_text_before_share":"","sfsi_plus_gutenberg_show_text_before_share":"","sfsi_plus_gutenberg_icon_type":"","sfsi_plus_gutenberg_icon_alignemt":"","sfsi_plus_gutenburg_max_per_row":"","footnotes":""},"categories":[2],"tags":[],"class_list":["post-139508","post","type-post","status-publish","format-standard","has-post-thumbnail","hentry","category-geral"],"_links":{"self":[{"href":"https:\/\/www.caririemacao.com\/1\/wp-json\/wp\/v2\/posts\/139508","targetHints":{"allow":["GET"]}}],"collection":[{"href":"https:\/\/www.caririemacao.com\/1\/wp-json\/wp\/v2\/posts"}],"about":[{"href":"https:\/\/www.caririemacao.com\/1\/wp-json\/wp\/v2\/types\/post"}],"author":[{"embeddable":true,"href":"https:\/\/www.caririemacao.com\/1\/wp-json\/wp\/v2\/users\/1"}],"replies":[{"embeddable":true,"href":"https:\/\/www.caririemacao.com\/1\/wp-json\/wp\/v2\/comments?post=139508"}],"version-history":[{"count":1,"href":"https:\/\/www.caririemacao.com\/1\/wp-json\/wp\/v2\/posts\/139508\/revisions"}],"predecessor-version":[{"id":139509,"href":"https:\/\/www.caririemacao.com\/1\/wp-json\/wp\/v2\/posts\/139508\/revisions\/139509"}],"wp:featuredmedia":[{"embeddable":true,"href":"https:\/\/www.caririemacao.com\/1\/wp-json\/wp\/v2\/media\/127590"}],"wp:attachment":[{"href":"https:\/\/www.caririemacao.com\/1\/wp-json\/wp\/v2\/media?parent=139508"}],"wp:term":[{"taxonomy":"category","embeddable":true,"href":"https:\/\/www.caririemacao.com\/1\/wp-json\/wp\/v2\/categories?post=139508"},{"taxonomy":"post_tag","embeddable":true,"href":"https:\/\/www.caririemacao.com\/1\/wp-json\/wp\/v2\/tags?post=139508"}],"curies":[{"name":"wp","href":"https:\/\/api.w.org\/{rel}","templated":true}]}}