{"id":139513,"date":"2019-12-05T07:40:12","date_gmt":"2019-12-05T10:40:12","guid":{"rendered":"http:\/\/www.caririemacao.com\/1\/?p=139513"},"modified":"2019-12-05T07:40:12","modified_gmt":"2019-12-05T10:40:12","slug":"bolsonaro-aproveita-tarde-livre-e-vai-comer-pastel-em-feira-popular-de-brasilia","status":"publish","type":"post","link":"https:\/\/www.caririemacao.com\/1\/2019\/12\/05\/bolsonaro-aproveita-tarde-livre-e-vai-comer-pastel-em-feira-popular-de-brasilia\/","title":{"rendered":"Bolsonaro aproveita tarde livre e vai comer pastel em feira popular de Bras\u00edlia"},"content":{"rendered":"\n<p>Sem compromissos na agenda, o presidente Jair Bolsonaro deixou o Pal\u00e1cio do Planalto na tarde desta quarta-feira (4) para comer pastel em uma feira de com\u00e9rcio popular em Bras\u00edlia.<\/p>\n\n\n\n<p>Bolsonaro foi \u00e0 Feira dos Importados, a 14 quil\u00f4metros do Planalto, acompanhado do ministro Luiz Eduardo Ramos (Secretaria de Governo), respons\u00e1vel pela articula\u00e7\u00e3o pol\u00edtica.<\/p>\n\n\n\n<p>O passeio acontece em meio a dificuldades do governo em aprovar projetos de sua autoria no Congresso e no dia da semana de maior atividade no Poder Legislativo. Deputados e senadores s\u00e3o cr\u00edticos da articula\u00e7\u00e3o pol\u00edtica do atual governo.<\/p>\n\n\n\n<p>Na ter\u00e7a (3), uma medida provis\u00f3ria enviada pelo Executivo aos parlamentares caducou por falta de apoio para ser convertida em projeto de lei dentro do tempo h\u00e1bil. Perdeu efeito a MP 892, que desobrigava empresas de publicarem suas demonstra\u00e7\u00f5es financeiras no Di\u00e1rio Oficial e em jornais de grande circula\u00e7\u00e3o.<br>O Planalto enfrenta ainda resist\u00eancia por parte do Congresso para ver avan\u00e7ar outras reformas, como a tribut\u00e1ria, e medidas como o projeto batizado de carteira verde e amarela, que prev\u00ea mudan\u00e7as na legisla\u00e7\u00e3o trabalhista.<\/p>\n\n\n\n<p>Ao caminhar pela feira, Bolsonaro foi recebido por apoiadores com gritos de &#8220;mito&#8221;, &#8220;ele sim&#8221;, &#8220;Lula preso&#8221; e foi abordado para tirar selfies. O presidente chegou por volta de 15h30 e passou menos de meia hora no local.<\/p>\n\n\n\n<p>Foi a um dos quiosques da feira popular, que vende produtos importados, e comeu dois past\u00e9is de queijo e bebeu um refrigerante. A refei\u00e7\u00e3o custou R$ 23,50 e foi paga em dinheiro por um assessor. Em um local cheio de quiosques que vendem desde eletr\u00f4nicos at\u00e9 roupas e brinquedos, n\u00e3o fez qualquer compra al\u00e9m da comida.<\/p>\n\n\n\n<p>Bolsonaro disse ter ido \u00e0 feira comer pastel para repetir um velho h\u00e1bito que tinha antes ser eleito presidente.<\/p>\n\n\n\n<p>&#8220;Vinha muito. No ano passado, se eu n\u00e3o me engano, eu n\u00e3o vim aqui nenhuma vez, mas no anterior eu vim muitas vezes&#8221;, disse. Ele contou ter comido pasteis de queijo. &#8220;Estava muito bom.&#8221;<\/p>\n\n\n\n<p>Em menor intensidade que os gritos de apoio, o presidente tamb\u00e9m foi recebido por cr\u00edticas dispersas, sendo chamado de &#8220;miliciano&#8221;, al\u00e9m de gritos de &#8220;Lula livre&#8221; e pedidos para que ele baixasse o pre\u00e7o da carne. Um dos presentes pediu at\u00e9 emprego para Bolsonaro, que pareceu n\u00e3o ter ouvido o apelo.<br>&#8220;Eu senti como que est\u00e1 a popula\u00e7\u00e3o, n\u00e9? No tocante ao governo em si. Tive informa\u00e7\u00f5es na quest\u00e3o econ\u00f4mica que o n\u00famero de pessoas vindo aqui \u00e9 muito grande. \u00c9 sinal de que a economia est\u00e1 reagindo e sentimos o povo aqui, em rela\u00e7\u00e3o a cr\u00edticas ou elogios. Gra\u00e7as a Deus n\u00e3o teve cr\u00edtica nenhuma&#8221;, disse, apesar de ter havido alguns gritos contr\u00e1rios isolados.<\/p>\n\n\n\n<p>O compromisso n\u00e3o constava na agenda do presidente, que teve registrada apenas uma reuni\u00e3o pela manh\u00e3 com o ministro da Educa\u00e7\u00e3o, Abraham Weintraub.<br>&#8220;Hoje n\u00e3o estava previsto agenda para mim porque eu estaria no Rio Grande do Sul. Ent\u00e3o criei uma agenda de manh\u00e3 e esta agora n\u00e3o houve nada, deu para sair, e tenho despacho com a SAJ [subchefia de assuntos jur\u00eddicos] agora no Alvorada&#8221;, justificou.<\/p>\n\n\n\n<p>Inicialmente, Bolsonaro viajaria nesta quarta-feira para Bento Gon\u00e7alves (RS), onde participar\u00e1 da c\u00fapula do Mercosul. A viagem foi transferida para a manh\u00e3 desta quinta (5).<\/p>\n\n\n\n<p>Questionado sobre o que levar\u00e1 para o encontro, onde estar\u00e3o chefes de Estado da Argentina, Paraguai e Uruguai, Bolsonaro n\u00e3o deu detalhes.<\/p>\n\n\n\n<p>&#8220;Amanh\u00e3 \u00e9&#8230; tem quest\u00f5es&#8230; o que a gente vai tratar amanh\u00e3&#8230; assuntos de comum interesse a todos n\u00f3s. Devemos assinar um acordo automotivo com o Paraguai. Outras propostas estamos ultimando. Queremos anunciar amanh\u00e3 sem dar exclusividade para ningu\u00e9m&#8221;, disse.<\/p>\n\n\n\n<p>A c\u00fapula acontece em meio a mudan\u00e7as pol\u00edticas na Am\u00e9rica Latina, em especial com a elei\u00e7\u00e3o de Alberto Fern\u00e1ndez na Argentina, a quem Bolsonaro \u00e9 cr\u00edtico.<br>Bolsonaro se reuniu na noite de ter\u00e7a-feira (3) com o presidente da C\u00e2mara, Rodrigo Maia (DEM-RJ), e disse ter tratado de projeto de lei que prev\u00ea mudan\u00e7as no C\u00f3digo de Tr\u00e2nsito como a validade da CNH (Carteira Nacional de Habilita\u00e7\u00e3o) e n\u00famero m\u00e1ximo de pontos permitidos aos motoristas.<\/p>\n\n\n\n<p>Questionado sobre se n\u00e3o temia que outras MPs do governo perdessem validade, como a carteira verde e amarela, o presidente minimizou. &#8220;Se caducar, caducou. Voc\u00eas conhecem o Parlamento, n\u00e3o \u00e9 matem\u00e1tico o Parlamento.&#8221;<\/p>\n","protected":false},"excerpt":{"rendered":"<p>Sem compromissos na agenda, o presidente Jair Bolsonaro deixou o Pal\u00e1cio do Planalto na tarde desta quarta-feira (4) para comer pastel em uma feira de&hellip; <\/p>\n","protected":false},"author":1,"featured_media":139514,"comment_status":"closed","ping_status":"closed","sticky":false,"template":"","format":"standard","meta":{"sfsi_plus_gutenberg_text_before_share":"","sfsi_plus_gutenberg_show_text_before_share":"","sfsi_plus_gutenberg_icon_type":"","sfsi_plus_gutenberg_icon_alignemt":"","sfsi_plus_gutenburg_max_per_row":"","footnotes":""},"categories":[11],"tags":[],"class_list":["post-139513","post","type-post","status-publish","format-standard","has-post-thumbnail","hentry","category-politica"],"_links":{"self":[{"href":"https:\/\/www.caririemacao.com\/1\/wp-json\/wp\/v2\/posts\/139513","targetHints":{"allow":["GET"]}}],"collection":[{"href":"https:\/\/www.caririemacao.com\/1\/wp-json\/wp\/v2\/posts"}],"about":[{"href":"https:\/\/www.caririemacao.com\/1\/wp-json\/wp\/v2\/types\/post"}],"author":[{"embeddable":true,"href":"https:\/\/www.caririemacao.com\/1\/wp-json\/wp\/v2\/users\/1"}],"replies":[{"embeddable":true,"href":"https:\/\/www.caririemacao.com\/1\/wp-json\/wp\/v2\/comments?post=139513"}],"version-history":[{"count":1,"href":"https:\/\/www.caririemacao.com\/1\/wp-json\/wp\/v2\/posts\/139513\/revisions"}],"predecessor-version":[{"id":139515,"href":"https:\/\/www.caririemacao.com\/1\/wp-json\/wp\/v2\/posts\/139513\/revisions\/139515"}],"wp:featuredmedia":[{"embeddable":true,"href":"https:\/\/www.caririemacao.com\/1\/wp-json\/wp\/v2\/media\/139514"}],"wp:attachment":[{"href":"https:\/\/www.caririemacao.com\/1\/wp-json\/wp\/v2\/media?parent=139513"}],"wp:term":[{"taxonomy":"category","embeddable":true,"href":"https:\/\/www.caririemacao.com\/1\/wp-json\/wp\/v2\/categories?post=139513"},{"taxonomy":"post_tag","embeddable":true,"href":"https:\/\/www.caririemacao.com\/1\/wp-json\/wp\/v2\/tags?post=139513"}],"curies":[{"name":"wp","href":"https:\/\/api.w.org\/{rel}","templated":true}]}}