{"id":139519,"date":"2019-12-05T07:47:36","date_gmt":"2019-12-05T10:47:36","guid":{"rendered":"http:\/\/www.caririemacao.com\/1\/?p=139519"},"modified":"2019-12-05T07:47:36","modified_gmt":"2019-12-05T10:47:36","slug":"governo-do-estado-altera-expediente-para-natal-e-ano-novo","status":"publish","type":"post","link":"https:\/\/www.caririemacao.com\/1\/2019\/12\/05\/governo-do-estado-altera-expediente-para-natal-e-ano-novo\/","title":{"rendered":"Governo do Estado altera expediente para Natal e Ano Novo"},"content":{"rendered":"\n<p>As reparti\u00e7\u00f5es p\u00fablicas do Governo do Estado da Para\u00edba ter\u00e3o o expediente alterado no per\u00edodo do Natal e do Ano Novo. A portaria n\u00ba 585 \/2019 publicada no Di\u00e1rio Oficial, por meio da Secretaria de Estado da Administra\u00e7\u00e3o nesta ter\u00e7a-feira (03), informa que ir\u00e1 facultar os expedientes dos dias 24, 30 e 31 de dezembro de 2019, nas reparti\u00e7\u00f5es estaduais da Administra\u00e7\u00e3o Direta e Indireta do Poder Executivo, em virtude das festividades de Natal e Ano Novo, devendo ser preservado o funcionamento dos servi\u00e7os essenciais.<\/p>\n\n\n\n<p>Fica ainda determinado que os ve\u00edculos oficiais, inclusive os de representa\u00e7\u00e3o da Administra\u00e7\u00e3o Direta e Indireta do Poder Executivo, sejam recolhidos \u00e0s suas reparti\u00e7\u00f5es de origem ou ao Centro Administrativo, ap\u00f3s o t\u00e9rmino do expediente dos dias 23 e 27 de dezembro de 2019 e liberados uma hora antes do in\u00edcio do expediente dos dias 26\/12\/2019 e 02\/01\/2020, respectivamente, e, ainda, que qualquer libera\u00e7\u00e3o excepcional seja precedida de autoriza\u00e7\u00e3o da Casa Militar do Governador, excetuando-se ambul\u00e2ncias, ve\u00edculos de fiscaliza\u00e7\u00e3o da Secretaria de Estado da Fazenda, da Secretaria de Estado da Administra\u00e7\u00e3o Penitenci\u00e1ria, da Secretaria de Estado da Seguran\u00e7a e Defesa Social, das Pol\u00edcias Civil e Militar e da Casa Militar ou que estejam a servi\u00e7o desta.<\/p>\n\n\n\n<p>A Pol\u00edcia Militar do Estado fica encarregada da apreens\u00e3o e recolhimento a Casa Militar do Governador, dos ve\u00edculos encontrados transitando no per\u00edodo compreendido no art. anterior, sem a devida autoriza\u00e7\u00e3o.<\/p>\n\n\n\n<p>Fonte:Not\u00edcias  em destaque<\/p>\n","protected":false},"excerpt":{"rendered":"<p>As reparti\u00e7\u00f5es p\u00fablicas do Governo do Estado da Para\u00edba ter\u00e3o o expediente alterado no per\u00edodo do Natal e do Ano Novo. A portaria n\u00ba 585&hellip; <\/p>\n","protected":false},"author":1,"featured_media":139520,"comment_status":"closed","ping_status":"closed","sticky":false,"template":"","format":"standard","meta":{"sfsi_plus_gutenberg_text_before_share":"","sfsi_plus_gutenberg_show_text_before_share":"","sfsi_plus_gutenberg_icon_type":"","sfsi_plus_gutenberg_icon_alignemt":"","sfsi_plus_gutenburg_max_per_row":"","footnotes":""},"categories":[2],"tags":[],"class_list":["post-139519","post","type-post","status-publish","format-standard","has-post-thumbnail","hentry","category-geral"],"_links":{"self":[{"href":"https:\/\/www.caririemacao.com\/1\/wp-json\/wp\/v2\/posts\/139519","targetHints":{"allow":["GET"]}}],"collection":[{"href":"https:\/\/www.caririemacao.com\/1\/wp-json\/wp\/v2\/posts"}],"about":[{"href":"https:\/\/www.caririemacao.com\/1\/wp-json\/wp\/v2\/types\/post"}],"author":[{"embeddable":true,"href":"https:\/\/www.caririemacao.com\/1\/wp-json\/wp\/v2\/users\/1"}],"replies":[{"embeddable":true,"href":"https:\/\/www.caririemacao.com\/1\/wp-json\/wp\/v2\/comments?post=139519"}],"version-history":[{"count":1,"href":"https:\/\/www.caririemacao.com\/1\/wp-json\/wp\/v2\/posts\/139519\/revisions"}],"predecessor-version":[{"id":139521,"href":"https:\/\/www.caririemacao.com\/1\/wp-json\/wp\/v2\/posts\/139519\/revisions\/139521"}],"wp:featuredmedia":[{"embeddable":true,"href":"https:\/\/www.caririemacao.com\/1\/wp-json\/wp\/v2\/media\/139520"}],"wp:attachment":[{"href":"https:\/\/www.caririemacao.com\/1\/wp-json\/wp\/v2\/media?parent=139519"}],"wp:term":[{"taxonomy":"category","embeddable":true,"href":"https:\/\/www.caririemacao.com\/1\/wp-json\/wp\/v2\/categories?post=139519"},{"taxonomy":"post_tag","embeddable":true,"href":"https:\/\/www.caririemacao.com\/1\/wp-json\/wp\/v2\/tags?post=139519"}],"curies":[{"name":"wp","href":"https:\/\/api.w.org\/{rel}","templated":true}]}}