{"id":139524,"date":"2019-12-05T07:49:31","date_gmt":"2019-12-05T10:49:31","guid":{"rendered":"http:\/\/www.caririemacao.com\/1\/?p=139524"},"modified":"2019-12-05T07:49:31","modified_gmt":"2019-12-05T10:49:31","slug":"homem-morre-apos-capotar-carro-e-cair-com-veiculo-no-rio-jaguaribe","status":"publish","type":"post","link":"https:\/\/www.caririemacao.com\/1\/2019\/12\/05\/homem-morre-apos-capotar-carro-e-cair-com-veiculo-no-rio-jaguaribe\/","title":{"rendered":"Homem morre ap\u00f3s capotar carro e cair com ve\u00edculo no Rio Jaguaribe"},"content":{"rendered":"\n<p>Um homem morreu na madrugada desta quinta-feira (5) depois de perder o controle da dire\u00e7\u00e3o do ve\u00edculo e capotar o carro, na BR-230, em Jo\u00e3o Pessoa. De acordo com o Corpo de Bombeiros, o motorista cruzou o canteiro central, capotou e caiu no Rio Jaguaribe.<\/p>\n\n\n\n<p>Conforme as informa\u00e7\u00f5es de pessoas que presenciaram o acidente e relataram ao Corpo de Bombeiros, o motorista trafegava na contram\u00e3o, quando desviou de alguns carros, capotou e caiu no rio. Os Bombeiros consideram que a prov\u00e1vel causa da morte foi afogamento.<\/p>\n\n\n\n<p>O pai do motorista contou que o filho havia bebido e mesmo assim saiu de casa com o carro. Por meio de um GPS, o pai percebeu que o carro j\u00e1 esta parada h\u00e1 muito tempo e foi at\u00e9 a localiza\u00e7\u00e3o do ve\u00edculo. Nesse momento, encontrou o carro j\u00e1 dentro do rio.<\/p>\n\n\n\n<p>Fonte: not\u00edcias em destaque <\/p>\n","protected":false},"excerpt":{"rendered":"<p>Um homem morreu na madrugada desta quinta-feira (5) depois de perder o controle da dire\u00e7\u00e3o do ve\u00edculo e capotar o carro, na BR-230, em Jo\u00e3o&hellip; <\/p>\n","protected":false},"author":1,"featured_media":139525,"comment_status":"closed","ping_status":"closed","sticky":false,"template":"","format":"standard","meta":{"sfsi_plus_gutenberg_text_before_share":"","sfsi_plus_gutenberg_show_text_before_share":"","sfsi_plus_gutenberg_icon_type":"","sfsi_plus_gutenberg_icon_alignemt":"","sfsi_plus_gutenburg_max_per_row":"","footnotes":""},"categories":[2],"tags":[],"class_list":["post-139524","post","type-post","status-publish","format-standard","has-post-thumbnail","hentry","category-geral"],"_links":{"self":[{"href":"https:\/\/www.caririemacao.com\/1\/wp-json\/wp\/v2\/posts\/139524","targetHints":{"allow":["GET"]}}],"collection":[{"href":"https:\/\/www.caririemacao.com\/1\/wp-json\/wp\/v2\/posts"}],"about":[{"href":"https:\/\/www.caririemacao.com\/1\/wp-json\/wp\/v2\/types\/post"}],"author":[{"embeddable":true,"href":"https:\/\/www.caririemacao.com\/1\/wp-json\/wp\/v2\/users\/1"}],"replies":[{"embeddable":true,"href":"https:\/\/www.caririemacao.com\/1\/wp-json\/wp\/v2\/comments?post=139524"}],"version-history":[{"count":1,"href":"https:\/\/www.caririemacao.com\/1\/wp-json\/wp\/v2\/posts\/139524\/revisions"}],"predecessor-version":[{"id":139526,"href":"https:\/\/www.caririemacao.com\/1\/wp-json\/wp\/v2\/posts\/139524\/revisions\/139526"}],"wp:featuredmedia":[{"embeddable":true,"href":"https:\/\/www.caririemacao.com\/1\/wp-json\/wp\/v2\/media\/139525"}],"wp:attachment":[{"href":"https:\/\/www.caririemacao.com\/1\/wp-json\/wp\/v2\/media?parent=139524"}],"wp:term":[{"taxonomy":"category","embeddable":true,"href":"https:\/\/www.caririemacao.com\/1\/wp-json\/wp\/v2\/categories?post=139524"},{"taxonomy":"post_tag","embeddable":true,"href":"https:\/\/www.caririemacao.com\/1\/wp-json\/wp\/v2\/tags?post=139524"}],"curies":[{"name":"wp","href":"https:\/\/api.w.org\/{rel}","templated":true}]}}