{"id":139530,"date":"2019-12-05T07:51:45","date_gmt":"2019-12-05T10:51:45","guid":{"rendered":"http:\/\/www.caririemacao.com\/1\/?p=139530"},"modified":"2019-12-05T07:51:45","modified_gmt":"2019-12-05T10:51:45","slug":"ministerio-da-saude-alerta-sobre-possibilidade-de-surto-de-zika-em-2020","status":"publish","type":"post","link":"https:\/\/www.caririemacao.com\/1\/2019\/12\/05\/ministerio-da-saude-alerta-sobre-possibilidade-de-surto-de-zika-em-2020\/","title":{"rendered":"Minist\u00e9rio da Sa\u00fade alerta sobre possibilidade de surto de zika em 2020"},"content":{"rendered":"\n<p>O Minist\u00e9rio da Sa\u00fade admitiu que o Brasil corre o risco de passar por um novo surto de zika em 2020. O coordenador geral de vigil\u00e2ncia de arboviroses do Minist\u00e9rio da Sa\u00fade Rodrigo Said fez o alerta durante uma reuni\u00e3o com gestores do SUS.<\/p>\n\n\n\n<p>\u201cPercebemos como a ocorr\u00eancia do zika est\u00e1 um pouco fora da sazonalidade mostrando que temos um potencial importante e precisamos ficar atentos novamente com a ocorr\u00eancia de grande magnitude de casos de zika no pa\u00eds. Esse alerta \u00e9 para mostrar que precisamos estar atentos no diagn\u00f3stico diferencial principalmente em rela\u00e7\u00e3o a gestantes e crian\u00e7as\u201d,&nbsp;disse Said em \u00e1udio obtido pela r\u00e1dio CBN.<\/p>\n\n\n\n<p>Em 2019, de acordo com dados do Minist\u00e9rio da Sa\u00fade, foram notificados 10.715 casos prov\u00e1veis (taxa de incid\u00eancia 5,1 casos por 100 mil habitantes) de infec\u00e7\u00f5es pelo v\u00edrus zika no pa\u00eds. A regi\u00e3o Nordeste apresentou a maior taxa de incid\u00eancia (8,8 casos\/100 mil habitantes), em seguida as regi\u00f5es Centro-Oeste (taxa de incid\u00eancia 5,8 casos\/100 mil habitantes), Norte (taxa de incid\u00eancia 5,3 casos\/100 mil habitantes), Sudeste (taxa de incid\u00eancia 4,1 casos\/100 mil habitantes) e Sul (taxa de incid\u00eancia 0,4 casos\/100 mil habitantes).<\/p>\n\n\n\n<p>Crescer entrou em contato com o Minist\u00e9rio da Sa\u00fade para mais informa\u00e7\u00f5es, mas at\u00e9 a data da publica\u00e7\u00e3o n\u00e3o obteve resposta.<\/p>\n","protected":false},"excerpt":{"rendered":"<p>O Minist\u00e9rio da Sa\u00fade admitiu que o Brasil corre o risco de passar por um novo surto de zika em 2020. O coordenador geral de&hellip; <\/p>\n","protected":false},"author":1,"featured_media":139531,"comment_status":"closed","ping_status":"closed","sticky":false,"template":"","format":"standard","meta":{"sfsi_plus_gutenberg_text_before_share":"","sfsi_plus_gutenberg_show_text_before_share":"","sfsi_plus_gutenberg_icon_type":"","sfsi_plus_gutenberg_icon_alignemt":"","sfsi_plus_gutenburg_max_per_row":"","footnotes":""},"categories":[16],"tags":[],"class_list":["post-139530","post","type-post","status-publish","format-standard","has-post-thumbnail","hentry","category-saude"],"_links":{"self":[{"href":"https:\/\/www.caririemacao.com\/1\/wp-json\/wp\/v2\/posts\/139530","targetHints":{"allow":["GET"]}}],"collection":[{"href":"https:\/\/www.caririemacao.com\/1\/wp-json\/wp\/v2\/posts"}],"about":[{"href":"https:\/\/www.caririemacao.com\/1\/wp-json\/wp\/v2\/types\/post"}],"author":[{"embeddable":true,"href":"https:\/\/www.caririemacao.com\/1\/wp-json\/wp\/v2\/users\/1"}],"replies":[{"embeddable":true,"href":"https:\/\/www.caririemacao.com\/1\/wp-json\/wp\/v2\/comments?post=139530"}],"version-history":[{"count":1,"href":"https:\/\/www.caririemacao.com\/1\/wp-json\/wp\/v2\/posts\/139530\/revisions"}],"predecessor-version":[{"id":139532,"href":"https:\/\/www.caririemacao.com\/1\/wp-json\/wp\/v2\/posts\/139530\/revisions\/139532"}],"wp:featuredmedia":[{"embeddable":true,"href":"https:\/\/www.caririemacao.com\/1\/wp-json\/wp\/v2\/media\/139531"}],"wp:attachment":[{"href":"https:\/\/www.caririemacao.com\/1\/wp-json\/wp\/v2\/media?parent=139530"}],"wp:term":[{"taxonomy":"category","embeddable":true,"href":"https:\/\/www.caririemacao.com\/1\/wp-json\/wp\/v2\/categories?post=139530"},{"taxonomy":"post_tag","embeddable":true,"href":"https:\/\/www.caririemacao.com\/1\/wp-json\/wp\/v2\/tags?post=139530"}],"curies":[{"name":"wp","href":"https:\/\/api.w.org\/{rel}","templated":true}]}}